{"id":2528,"date":"2026-03-30T14:00:16","date_gmt":"2026-03-30T12:00:16","guid":{"rendered":"http:\/\/powiatwwl.pl\/?p=2528"},"modified":"2026-03-30T14:00:17","modified_gmt":"2026-03-30T12:00:17","slug":"263-477-929-83-zl-dziekujemy","status":"publish","type":"post","link":"https:\/\/powiatwwl.pl\/?p=2528","title":{"rendered":"263 477 929, 83 z\u0142. DZI\u0118KUJEMY !!!"},"content":{"rendered":"<div class=\"wp-block-image\">\n<figure class=\"aligncenter size-full\"><img loading=\"lazy\" decoding=\"async\" width=\"526\" height=\"526\" src=\"https:\/\/powiatwwl.pl\/wp-content\/uploads\/2026\/03\/661951477_1481488500011145_6984039896678087773_n.jpg\" alt=\"\" class=\"wp-image-2529\" srcset=\"https:\/\/powiatwwl.pl\/wp-content\/uploads\/2026\/03\/661951477_1481488500011145_6984039896678087773_n.jpg 526w, https:\/\/powiatwwl.pl\/wp-content\/uploads\/2026\/03\/661951477_1481488500011145_6984039896678087773_n-300x300.jpg 300w, https:\/\/powiatwwl.pl\/wp-content\/uploads\/2026\/03\/661951477_1481488500011145_6984039896678087773_n-150x150.jpg 150w, https:\/\/powiatwwl.pl\/wp-content\/uploads\/2026\/03\/661951477_1481488500011145_6984039896678087773_n-80x80.jpg 80w, https:\/\/powiatwwl.pl\/wp-content\/uploads\/2026\/03\/661951477_1481488500011145_6984039896678087773_n-320x320.jpg 320w\" sizes=\"auto, (max-width: 526px) 100vw, 526px\" \/><\/figure>\n<\/div>\n\n\n<p>Znamy ostateczny wynik 34. Fina\u0142u WO\u015aP!. Podczas dzisiejszej konferencji prasowej, w obecno\u015bci zarz\u0105du, przyjaci\u00f3\u0142 Fundacji i medi\u00f3w Prezes Zarz\u0105du Fundacji WO\u015aP &#8211; Jurek Owsiak &#8211; przedstawi\u0142 informacj\u0119, na kt\u00f3r\u0105 wielu czeka\u0142o &#8211; kwot\u0119, kt\u00f3ra wesprze oddzia\u0142y gastroenterologii dzieci\u0119cej. Dzi\u0119ki wolontariuszom, osobom dzia\u0142aj\u0105cym w Sztabach i darczy\u0144com, na cel zbi\u00f3rki zebrali\u015bmy 263.477.929,83 PLN!. Dzi\u0119kujemy! \/WOSP\/<\/p>\n","protected":false},"excerpt":{"rendered":"<p>Znamy ostateczny wynik 34. Fina\u0142u WO\u015aP!. Podczas dzisiejszej konferencji prasowej, w obecno\u015bci zarz\u0105du, przyjaci\u00f3\u0142 Fundacji i medi\u00f3w Prezes Zarz\u0105du Fundacji WO\u015aP &#8211; Jurek Owsiak &#8211; przedstawi\u0142 informacj\u0119, na kt\u00f3r\u0105 wielu czeka\u0142o &#8211; kwot\u0119, kt\u00f3ra wesprze oddzia\u0142y gastroenterologii dzieci\u0119cej. Dzi\u0119ki wolontariuszom, osobom dzia\u0142aj\u0105cym w Sztabach i darczy\u0144com, na cel zbi\u00f3rki zebrali\u015bmy 263.477.929,83 PLN!. Dzi\u0119kujemy! \/WOSP\/<\/p>\n","protected":false},"author":1,"featured_media":2529,"comment_status":"open","ping_status":"open","sticky":false,"template":"","format":"standard","meta":{"footnotes":""},"categories":[1],"tags":[],"class_list":["post-2528","post","type-post","status-publish","format-standard","has-post-thumbnail","hentry","category-aktualnosci"],"_links":{"self":[{"href":"https:\/\/powiatwwl.pl\/index.php?rest_route=\/wp\/v2\/posts\/2528","targetHints":{"allow":["GET"]}}],"collection":[{"href":"https:\/\/powiatwwl.pl\/index.php?rest_route=\/wp\/v2\/posts"}],"about":[{"href":"https:\/\/powiatwwl.pl\/index.php?rest_route=\/wp\/v2\/types\/post"}],"author":[{"embeddable":true,"href":"https:\/\/powiatwwl.pl\/index.php?rest_route=\/wp\/v2\/users\/1"}],"replies":[{"embeddable":true,"href":"https:\/\/powiatwwl.pl\/index.php?rest_route=%2Fwp%2Fv2%2Fcomments&post=2528"}],"version-history":[{"count":1,"href":"https:\/\/powiatwwl.pl\/index.php?rest_route=\/wp\/v2\/posts\/2528\/revisions"}],"predecessor-version":[{"id":2530,"href":"https:\/\/powiatwwl.pl\/index.php?rest_route=\/wp\/v2\/posts\/2528\/revisions\/2530"}],"wp:featuredmedia":[{"embeddable":true,"href":"https:\/\/powiatwwl.pl\/index.php?rest_route=\/wp\/v2\/media\/2529"}],"wp:attachment":[{"href":"https:\/\/powiatwwl.pl\/index.php?rest_route=%2Fwp%2Fv2%2Fmedia&parent=2528"}],"wp:term":[{"taxonomy":"category","embeddable":true,"href":"https:\/\/powiatwwl.pl\/index.php?rest_route=%2Fwp%2Fv2%2Fcategories&post=2528"},{"taxonomy":"post_tag","embeddable":true,"href":"https:\/\/powiatwwl.pl\/index.php?rest_route=%2Fwp%2Fv2%2Ftags&post=2528"}],"curies":[{"name":"wp","href":"https:\/\/api.w.org\/{rel}","templated":true}]}}