{"id":2945,"date":"2026-04-19T19:09:49","date_gmt":"2026-04-19T17:09:49","guid":{"rendered":"https:\/\/powiatwwl.pl\/?p=2945"},"modified":"2026-04-19T19:11:56","modified_gmt":"2026-04-19T17:11:56","slug":"dukes-zabki-futbol-amerykanski","status":"publish","type":"post","link":"https:\/\/powiatwwl.pl\/?p=2945","title":{"rendered":"DUKES Z\u0105bki &#8211; futbol ameryka\u0144ski \/VIDEO\/"},"content":{"rendered":"<div class=\"wp-block-image\">\n<figure class=\"aligncenter size-full is-resized\"><img loading=\"lazy\" decoding=\"async\" width=\"742\" height=\"800\" src=\"https:\/\/powiatwwl.pl\/wp-content\/uploads\/2026\/04\/dukes_sg-3.png\" alt=\"\" class=\"wp-image-2946\" style=\"aspect-ratio:0.9275181155881951;width:464px;height:auto\" srcset=\"https:\/\/powiatwwl.pl\/wp-content\/uploads\/2026\/04\/dukes_sg-3.png 742w, https:\/\/powiatwwl.pl\/wp-content\/uploads\/2026\/04\/dukes_sg-3-278x300.png 278w\" sizes=\"auto, (max-width: 742px) 100vw, 742px\" \/><\/figure>\n<\/div>\n\n\n<p>Sportowy weekend tym razem w zupe\u0142nie innym wydaniu  <a href=\"https:\/\/www.facebook.com\/Zabkimiasto?__cft__[0]=AZY2NXekpfVw0Z9xCIBhGB_fNzItcdrFeD9gU04Hezz_W7REOKIfQZbEtImkH7x08hRdnSVnrBn-68qY0oZLtI3uDp_jkL5vPo44sFiPs4Ce2VUnnbhG_s4nHS8Xc9ZbPNMNSyMKkklI2c1Y4AHWtIjPWd4nIGZovlJQXd9OqEwZ081fwlcFmeA8zFuoF7dBJRM29ltqQvJ8pj3yP-SX9SCe&amp;__tn__=-]K-R\">Miasto Z\u0105bki<\/a> zamieni\u0142y si\u0119 w prawdziwe centrum futbolu ameryka\u0144skiego. Starcie <a href=\"https:\/\/www.facebook.com\/DukesZabki?__cft__[0]=AZY2NXekpfVw0Z9xCIBhGB_fNzItcdrFeD9gU04Hezz_W7REOKIfQZbEtImkH7x08hRdnSVnrBn-68qY0oZLtI3uDp_jkL5vPo44sFiPs4Ce2VUnnbhG_s4nHS8Xc9ZbPNMNSyMKkklI2c1Y4AHWtIjPWd4nIGZovlJQXd9OqEwZ081fwlcFmeA8zFuoF7dBJRM29ltqQvJ8pj3yP-SX9SCe&amp;__tn__=-]K-R\">Dukes Z\u0105bki<\/a> vs. Wataha Zielona G\u00f3ra dostarczy\u0142o wszystkiego, co w tym sporcie najlepsze: mocnych wej\u015b\u0107, szybkich akcji i emocji w ka\u017cdej minucie. To by\u0142 pierwszy mecz domowy sezonu 2026 dla dru\u017cyny z Z\u0105bek i od razu tak mocne otwarcie. Na boisku dzia\u0142o si\u0119 du\u017co, ale r\u00f3wnie gor\u0105co by\u0142o na trybunach. Du\u017co energii, \u015bwietna atmosfera i widowisko, kt\u00f3re spokojnie mog\u0142oby konkurowa\u0107 z najwi\u0119kszymi wydarzeniami sportowymi. Pokazali\u015bmy, \u017ce <a href=\"https:\/\/www.facebook.com\/Powiat.Wolominski?__cft__[0]=AZY2NXekpfVw0Z9xCIBhGB_fNzItcdrFeD9gU04Hezz_W7REOKIfQZbEtImkH7x08hRdnSVnrBn-68qY0oZLtI3uDp_jkL5vPo44sFiPs4Ce2VUnnbhG_s4nHS8Xc9ZbPNMNSyMKkklI2c1Y4AHWtIjPWd4nIGZovlJQXd9OqEwZ081fwlcFmeA8zFuoF7dBJRM29ltqQvJ8pj3yP-SX9SCe&amp;__tn__=-]K-R\">Powiat Wo\u0142omi\u0144ski<\/a> to nie tylko codzienno\u015b\u0107, ale te\u017c miejsce dla takich emocji i wyj\u0105tkowych wydarze\u0144 z charakterem\/Arkadiusz Werelich\/<\/p>\n\n\n\n<hr class=\"wp-block-separator aligncenter has-alpha-channel-opacity\"\/>\n\n\n<div class=\"wp-block-image\">\n<figure class=\"alignleft size-large is-resized\"><img loading=\"lazy\" decoding=\"async\" width=\"1024\" height=\"1024\" src=\"https:\/\/powiatwwl.pl\/wp-content\/uploads\/2026\/03\/PW-logo12-Zdjecie-profilowe-na-Facebooka-1-1024x1024.jpg\" alt=\"\" class=\"wp-image-1845\" style=\"width:112px;height:auto\" srcset=\"https:\/\/powiatwwl.pl\/wp-content\/uploads\/2026\/03\/PW-logo12-Zdjecie-profilowe-na-Facebooka-1-1024x1024.jpg 1024w, https:\/\/powiatwwl.pl\/wp-content\/uploads\/2026\/03\/PW-logo12-Zdjecie-profilowe-na-Facebooka-1-300x300.jpg 300w, https:\/\/powiatwwl.pl\/wp-content\/uploads\/2026\/03\/PW-logo12-Zdjecie-profilowe-na-Facebooka-1-150x150.jpg 150w, https:\/\/powiatwwl.pl\/wp-content\/uploads\/2026\/03\/PW-logo12-Zdjecie-profilowe-na-Facebooka-1-768x768.jpg 768w, https:\/\/powiatwwl.pl\/wp-content\/uploads\/2026\/03\/PW-logo12-Zdjecie-profilowe-na-Facebooka-1-1536x1536.jpg 1536w, https:\/\/powiatwwl.pl\/wp-content\/uploads\/2026\/03\/PW-logo12-Zdjecie-profilowe-na-Facebooka-1-80x80.jpg 80w, https:\/\/powiatwwl.pl\/wp-content\/uploads\/2026\/03\/PW-logo12-Zdjecie-profilowe-na-Facebooka-1-320x320.jpg 320w, https:\/\/powiatwwl.pl\/wp-content\/uploads\/2026\/03\/PW-logo12-Zdjecie-profilowe-na-Facebooka-1.jpg 2048w\" sizes=\"auto, (max-width: 1024px) 100vw, 1024px\" \/><\/figure>\n<\/div>\n\n\n<h2 class=\"wp-block-heading\"><strong><a href=\"https:\/\/www.facebook.com\/reel\/998581239179530\">Relacja VIDEO z Z\u0104BEK<\/a><\/strong><\/h2>\n\n\n\n<hr class=\"wp-block-separator aligncenter has-alpha-channel-opacity\"\/>\n\n\n","protected":false},"excerpt":{"rendered":"<p>Sportowy weekend tym razem w zupe\u0142nie innym wydaniu  Miasto Z\u0105bki zamieni\u0142y si\u0119 w prawdziwe centrum futbolu ameryka\u0144skiego. Starcie Dukes Z\u0105bki vs. Wataha Zielona G\u00f3ra dostarczy\u0142o wszystkiego, co w tym sporcie najlepsze: mocnych wej\u015b\u0107, szybkich akcji i emocji w ka\u017cdej minucie. To by\u0142 pierwszy mecz domowy sezonu 2026 dla dru\u017cyny z Z\u0105bek i od razu tak mocne otwarcie. Na boisku dzia\u0142o si\u0119 du\u017co, ale r\u00f3wnie gor\u0105co by\u0142o na trybunach. Du\u017co energii, \u015bwietna atmosfera i widowisko, kt\u00f3re spokojnie mog\u0142oby konkurowa\u0107 z najwi\u0119kszymi wydarzeniami sportowymi. Pokazali\u015bmy, \u017ce Powiat Wo\u0142omi\u0144ski to nie tylko codzienno\u015b\u0107, ale te\u017c miejsce dla takich emocji i wyj\u0105tkowych wydarze\u0144 z charakterem\/Arkadiusz Werelich\/<\/p>\n","protected":false},"author":1,"featured_media":2946,"comment_status":"open","ping_status":"open","sticky":false,"template":"","format":"standard","meta":{"footnotes":""},"categories":[1],"tags":[],"class_list":["post-2945","post","type-post","status-publish","format-standard","has-post-thumbnail","hentry","category-aktualnosci"],"_links":{"self":[{"href":"https:\/\/powiatwwl.pl\/index.php?rest_route=\/wp\/v2\/posts\/2945","targetHints":{"allow":["GET"]}}],"collection":[{"href":"https:\/\/powiatwwl.pl\/index.php?rest_route=\/wp\/v2\/posts"}],"about":[{"href":"https:\/\/powiatwwl.pl\/index.php?rest_route=\/wp\/v2\/types\/post"}],"author":[{"embeddable":true,"href":"https:\/\/powiatwwl.pl\/index.php?rest_route=\/wp\/v2\/users\/1"}],"replies":[{"embeddable":true,"href":"https:\/\/powiatwwl.pl\/index.php?rest_route=%2Fwp%2Fv2%2Fcomments&post=2945"}],"version-history":[{"count":2,"href":"https:\/\/powiatwwl.pl\/index.php?rest_route=\/wp\/v2\/posts\/2945\/revisions"}],"predecessor-version":[{"id":2948,"href":"https:\/\/powiatwwl.pl\/index.php?rest_route=\/wp\/v2\/posts\/2945\/revisions\/2948"}],"wp:featuredmedia":[{"embeddable":true,"href":"https:\/\/powiatwwl.pl\/index.php?rest_route=\/wp\/v2\/media\/2946"}],"wp:attachment":[{"href":"https:\/\/powiatwwl.pl\/index.php?rest_route=%2Fwp%2Fv2%2Fmedia&parent=2945"}],"wp:term":[{"taxonomy":"category","embeddable":true,"href":"https:\/\/powiatwwl.pl\/index.php?rest_route=%2Fwp%2Fv2%2Fcategories&post=2945"},{"taxonomy":"post_tag","embeddable":true,"href":"https:\/\/powiatwwl.pl\/index.php?rest_route=%2Fwp%2Fv2%2Ftags&post=2945"}],"curies":[{"name":"wp","href":"https:\/\/api.w.org\/{rel}","templated":true}]}}