{"id":2954,"date":"2026-04-20T09:46:54","date_gmt":"2026-04-20T07:46:54","guid":{"rendered":"https:\/\/powiatwwl.pl\/?p=2954"},"modified":"2026-04-20T09:46:55","modified_gmt":"2026-04-20T07:46:55","slug":"liceum-mundurowe-w-urlach-video-tvp-3-warszawa","status":"publish","type":"post","link":"https:\/\/powiatwwl.pl\/?p=2954","title":{"rendered":"Liceum Mundurowe w Urlach \/ VIDEO TVP 3 Warszawa\/"},"content":{"rendered":"<div class=\"wp-block-image\">\n<figure class=\"aligncenter size-full\"><img loading=\"lazy\" decoding=\"async\" width=\"224\" height=\"224\" src=\"https:\/\/powiatwwl.pl\/wp-content\/uploads\/2026\/04\/images-4.jpg\" alt=\"\" class=\"wp-image-2956\" srcset=\"https:\/\/powiatwwl.pl\/wp-content\/uploads\/2026\/04\/images-4.jpg 224w, https:\/\/powiatwwl.pl\/wp-content\/uploads\/2026\/04\/images-4-150x150.jpg 150w, https:\/\/powiatwwl.pl\/wp-content\/uploads\/2026\/04\/images-4-80x80.jpg 80w\" sizes=\"auto, (max-width: 224px) 100vw, 224px\" \/><\/figure>\n<\/div>\n\n\n<p><a href=\"https:\/\/www.facebook.com\/liceumurle?__cft__[0]=AZamDPgdgyAwgGZFfGdSMNV6xvj7-Db3_dhkKmqQ-2rggO9EL2ZnLDTB1ltAlCErCkFjo5w-Ilbj5AXrByUa7d091jgK0debuicmZlcIE-F6dL3wu4T3E-ROPaRhJOHjtwzjFFR9tuaWXRViZUqmf97zQ-2Dec_9w6EURLAVxlNEuOTBtq-F_-p-dhXXklkT2R_CwVCkjq8rNx51x8mZLeRk&amp;__tn__=-]K-R\">Liceum mundurowe w Urlach<\/a> zaprasza absolwent\u00f3w szk\u00f3\u0142 podstawowych. Przypominamy ofert\u0119 szko\u0142y mundurowej w Urlach: Profile (klasy): Przygotowanie wojskowe, Mundurowy, Po\u017carniczo-ratownicza, Lotnicza, Psychologiczno-mundurowa. J\u0119zyki: angielski i  niemiecki. Szczeg\u00f3\u0142y na stronie szko\u0142y: www.liceumurle.pl<\/p>\n\n\n\n<hr class=\"wp-block-separator aligncenter has-alpha-channel-opacity\"\/>\n\n\n<div class=\"wp-block-image\">\n<figure class=\"alignleft size-full is-resized\"><img loading=\"lazy\" decoding=\"async\" width=\"250\" height=\"150\" src=\"https:\/\/powiatwwl.pl\/wp-content\/uploads\/2026\/04\/TVP3_Warszawa_2016.svg_.png\" alt=\"\" class=\"wp-image-2938\" style=\"width:110px;height:auto\"\/><\/figure>\n<\/div>\n\n\n<h2 class=\"wp-block-heading\"><strong><a href=\"https:\/\/www.facebook.com\/reel\/2172416646926732\">LO MUNDUROWE w URLACH VIDEO<\/a><\/strong><\/h2>\n\n\n\n<p><\/p>\n","protected":false},"excerpt":{"rendered":"<p>Liceum mundurowe w Urlach zaprasza absolwent\u00f3w szk\u00f3\u0142 podstawowych. Przypominamy ofert\u0119 szko\u0142y mundurowej w Urlach: Profile (klasy): Przygotowanie wojskowe, Mundurowy, Po\u017carniczo-ratownicza, Lotnicza, Psychologiczno-mundurowa. J\u0119zyki: angielski i  niemiecki. Szczeg\u00f3\u0142y na stronie szko\u0142y: www.liceumurle.pl<\/p>\n","protected":false},"author":1,"featured_media":2955,"comment_status":"open","ping_status":"open","sticky":false,"template":"","format":"standard","meta":{"footnotes":""},"categories":[1],"tags":[],"class_list":["post-2954","post","type-post","status-publish","format-standard","has-post-thumbnail","hentry","category-aktualnosci"],"_links":{"self":[{"href":"https:\/\/powiatwwl.pl\/index.php?rest_route=\/wp\/v2\/posts\/2954","targetHints":{"allow":["GET"]}}],"collection":[{"href":"https:\/\/powiatwwl.pl\/index.php?rest_route=\/wp\/v2\/posts"}],"about":[{"href":"https:\/\/powiatwwl.pl\/index.php?rest_route=\/wp\/v2\/types\/post"}],"author":[{"embeddable":true,"href":"https:\/\/powiatwwl.pl\/index.php?rest_route=\/wp\/v2\/users\/1"}],"replies":[{"embeddable":true,"href":"https:\/\/powiatwwl.pl\/index.php?rest_route=%2Fwp%2Fv2%2Fcomments&post=2954"}],"version-history":[{"count":1,"href":"https:\/\/powiatwwl.pl\/index.php?rest_route=\/wp\/v2\/posts\/2954\/revisions"}],"predecessor-version":[{"id":2957,"href":"https:\/\/powiatwwl.pl\/index.php?rest_route=\/wp\/v2\/posts\/2954\/revisions\/2957"}],"wp:featuredmedia":[{"embeddable":true,"href":"https:\/\/powiatwwl.pl\/index.php?rest_route=\/wp\/v2\/media\/2955"}],"wp:attachment":[{"href":"https:\/\/powiatwwl.pl\/index.php?rest_route=%2Fwp%2Fv2%2Fmedia&parent=2954"}],"wp:term":[{"taxonomy":"category","embeddable":true,"href":"https:\/\/powiatwwl.pl\/index.php?rest_route=%2Fwp%2Fv2%2Fcategories&post=2954"},{"taxonomy":"post_tag","embeddable":true,"href":"https:\/\/powiatwwl.pl\/index.php?rest_route=%2Fwp%2Fv2%2Ftags&post=2954"}],"curies":[{"name":"wp","href":"https:\/\/api.w.org\/{rel}","templated":true}]}}