{"id":2960,"date":"2026-04-20T10:19:20","date_gmt":"2026-04-20T08:19:20","guid":{"rendered":"https:\/\/powiatwwl.pl\/?p=2960"},"modified":"2026-04-20T10:21:08","modified_gmt":"2026-04-20T08:21:08","slug":"8-bieg-mlodzika-w-radzyminie-2","status":"publish","type":"post","link":"https:\/\/powiatwwl.pl\/?p=2960","title":{"rendered":"8 Bieg &#8222;M\u0141ODZIKA&#8221; w Radzyminie"},"content":{"rendered":"<div class=\"wp-block-image\">\n<figure class=\"aligncenter size-large is-resized\"><img loading=\"lazy\" decoding=\"async\" width=\"768\" height=\"1024\" src=\"https:\/\/powiatwwl.pl\/wp-content\/uploads\/2026\/04\/672452349_1392552426009293_8604610531728208840_n-768x1024.jpg\" alt=\"\" class=\"wp-image-2962\" style=\"aspect-ratio:0.750007629627369;width:512px;height:auto\" srcset=\"https:\/\/powiatwwl.pl\/wp-content\/uploads\/2026\/04\/672452349_1392552426009293_8604610531728208840_n-768x1024.jpg 768w, https:\/\/powiatwwl.pl\/wp-content\/uploads\/2026\/04\/672452349_1392552426009293_8604610531728208840_n-225x300.jpg 225w, https:\/\/powiatwwl.pl\/wp-content\/uploads\/2026\/04\/672452349_1392552426009293_8604610531728208840_n-1152x1536.jpg 1152w, https:\/\/powiatwwl.pl\/wp-content\/uploads\/2026\/04\/672452349_1392552426009293_8604610531728208840_n.jpg 1536w\" sizes=\"auto, (max-width: 768px) 100vw, 768px\" \/><\/figure>\n<\/div>\n\n\n<p>W niedzielne przedpo\u0142udnie w pi\u0119knym radzymi\u0144skim lesie odby\u0142 si\u0119 ju\u017c po raz 8 Bieg &#8222;M\u0141ODZIKA&#8221; pami\u0119ci Pu\u0142kownika Mieczys\u0142awa CHOJNACKIEGO Bohatera Armii Krajowej, Mieszka\u0144ca Radzymina. Na starcie biegu stan\u0119\u0142o prawie 500 zawodnik\u00f3w. Najpierw najm\u0142odsi od lat 4 do 14, a nast\u0119pnie w biegu g\u0142\u00f3wnym OPEN na 5 km prawie 200 biegaczy. Pi\u0119kna s\u0142oneczna pogoda, \u015bwietna atmosfera, znakomita organizacja to gotowy przepis na udan\u0105 imprez\u0119, kt\u00f3ra opr\u00f3cz aspektu zdrowotnego (biegowego) mia\u0142a tak\u017ce jak co roku aspekt patriotyczno- historyczny oddania ho\u0142du Bohaterowi z Radzymina &#8222;M\u0141ODZIKOWI&#8221;. Ciesz\u0119 si\u0119 ogromnie ,\u017ce mia\u0142em przyjemno\u015b\u0107 kolejny raz uczestniczy\u0107 w tym wydarzeniu patriotyczno-sportowym w Radzyminie.<\/p>\n\n\n<div class=\"wp-block-image\">\n<figure class=\"aligncenter size-full is-resized\"><img loading=\"lazy\" decoding=\"async\" width=\"848\" height=\"960\" src=\"https:\/\/powiatwwl.pl\/wp-content\/uploads\/2026\/04\/677849270_1392551639342705_1216493236167528546_n.jpg\" alt=\"\" class=\"wp-image-2963\" style=\"aspect-ratio:0.8833458120381523;width:525px;height:auto\" srcset=\"https:\/\/powiatwwl.pl\/wp-content\/uploads\/2026\/04\/677849270_1392551639342705_1216493236167528546_n.jpg 848w, https:\/\/powiatwwl.pl\/wp-content\/uploads\/2026\/04\/677849270_1392551639342705_1216493236167528546_n-265x300.jpg 265w, https:\/\/powiatwwl.pl\/wp-content\/uploads\/2026\/04\/677849270_1392551639342705_1216493236167528546_n-768x869.jpg 768w\" sizes=\"auto, (max-width: 848px) 100vw, 848px\" \/><\/figure>\n<\/div>\n\n<div class=\"wp-block-image\">\n<figure class=\"aligncenter size-full is-resized\"><img loading=\"lazy\" decoding=\"async\" width=\"960\" height=\"720\" src=\"https:\/\/powiatwwl.pl\/wp-content\/uploads\/2026\/04\/678236393_1392551702676032_5193305183144698204_n.jpg\" alt=\"\" class=\"wp-image-2964\" style=\"aspect-ratio:1.333318345323741;width:528px;height:auto\" srcset=\"https:\/\/powiatwwl.pl\/wp-content\/uploads\/2026\/04\/678236393_1392551702676032_5193305183144698204_n.jpg 960w, https:\/\/powiatwwl.pl\/wp-content\/uploads\/2026\/04\/678236393_1392551702676032_5193305183144698204_n-300x225.jpg 300w, https:\/\/powiatwwl.pl\/wp-content\/uploads\/2026\/04\/678236393_1392551702676032_5193305183144698204_n-768x576.jpg 768w\" sizes=\"auto, (max-width: 960px) 100vw, 960px\" \/><\/figure>\n<\/div>\n\n\n<hr class=\"wp-block-separator has-alpha-channel-opacity\"\/>\n","protected":false},"excerpt":{"rendered":"<p>W niedzielne przedpo\u0142udnie w pi\u0119knym radzymi\u0144skim lesie odby\u0142 si\u0119 ju\u017c po raz 8 Bieg &#8222;M\u0141ODZIKA&#8221; pami\u0119ci Pu\u0142kownika Mieczys\u0142awa CHOJNACKIEGO Bohatera Armii Krajowej, Mieszka\u0144ca Radzymina. Na starcie biegu stan\u0119\u0142o prawie 500 zawodnik\u00f3w. Najpierw najm\u0142odsi od lat 4 do 14, a nast\u0119pnie w biegu g\u0142\u00f3wnym OPEN na 5 km prawie 200 biegaczy&#8230;<\/p>\n","protected":false},"author":1,"featured_media":2961,"comment_status":"open","ping_status":"open","sticky":false,"template":"","format":"standard","meta":{"footnotes":""},"categories":[1],"tags":[],"class_list":["post-2960","post","type-post","status-publish","format-standard","has-post-thumbnail","hentry","category-aktualnosci"],"_links":{"self":[{"href":"https:\/\/powiatwwl.pl\/index.php?rest_route=\/wp\/v2\/posts\/2960","targetHints":{"allow":["GET"]}}],"collection":[{"href":"https:\/\/powiatwwl.pl\/index.php?rest_route=\/wp\/v2\/posts"}],"about":[{"href":"https:\/\/powiatwwl.pl\/index.php?rest_route=\/wp\/v2\/types\/post"}],"author":[{"embeddable":true,"href":"https:\/\/powiatwwl.pl\/index.php?rest_route=\/wp\/v2\/users\/1"}],"replies":[{"embeddable":true,"href":"https:\/\/powiatwwl.pl\/index.php?rest_route=%2Fwp%2Fv2%2Fcomments&post=2960"}],"version-history":[{"count":3,"href":"https:\/\/powiatwwl.pl\/index.php?rest_route=\/wp\/v2\/posts\/2960\/revisions"}],"predecessor-version":[{"id":2967,"href":"https:\/\/powiatwwl.pl\/index.php?rest_route=\/wp\/v2\/posts\/2960\/revisions\/2967"}],"wp:featuredmedia":[{"embeddable":true,"href":"https:\/\/powiatwwl.pl\/index.php?rest_route=\/wp\/v2\/media\/2961"}],"wp:attachment":[{"href":"https:\/\/powiatwwl.pl\/index.php?rest_route=%2Fwp%2Fv2%2Fmedia&parent=2960"}],"wp:term":[{"taxonomy":"category","embeddable":true,"href":"https:\/\/powiatwwl.pl\/index.php?rest_route=%2Fwp%2Fv2%2Fcategories&post=2960"},{"taxonomy":"post_tag","embeddable":true,"href":"https:\/\/powiatwwl.pl\/index.php?rest_route=%2Fwp%2Fv2%2Ftags&post=2960"}],"curies":[{"name":"wp","href":"https:\/\/api.w.org\/{rel}","templated":true}]}}