{"id":2968,"date":"2026-04-20T10:33:15","date_gmt":"2026-04-20T08:33:15","guid":{"rendered":"https:\/\/powiatwwl.pl\/?p=2968"},"modified":"2026-04-20T10:36:17","modified_gmt":"2026-04-20T08:36:17","slug":"starosta-wolominski-w-terenie","status":"publish","type":"post","link":"https:\/\/powiatwwl.pl\/?p=2968","title":{"rendered":"Starosta Wo\u0142omi\u0144ski w terenie \/Wo\u0142omin\/"},"content":{"rendered":"<div class=\"wp-block-image\">\n<figure class=\"aligncenter size-full is-resized\"><img loading=\"lazy\" decoding=\"async\" width=\"960\" height=\"540\" src=\"https:\/\/powiatwwl.pl\/wp-content\/uploads\/2026\/04\/672548977_1514235604040027_7620383062510548748_n.jpg\" alt=\"\" class=\"wp-image-2969\" style=\"aspect-ratio:1.777757793764988;width:618px;height:auto\" srcset=\"https:\/\/powiatwwl.pl\/wp-content\/uploads\/2026\/04\/672548977_1514235604040027_7620383062510548748_n.jpg 960w, https:\/\/powiatwwl.pl\/wp-content\/uploads\/2026\/04\/672548977_1514235604040027_7620383062510548748_n-300x169.jpg 300w, https:\/\/powiatwwl.pl\/wp-content\/uploads\/2026\/04\/672548977_1514235604040027_7620383062510548748_n-768x432.jpg 768w\" sizes=\"auto, (max-width: 960px) 100vw, 960px\" \/><\/figure>\n<\/div>\n\n\n<p>W poniedzia\u0142kowe popo\u0142udnie (20.04.) Starosta Wo\u0142omi\u0144ski Arkadiusz WERELICH zaprasza na kolejne spotkanie z mieszka\u0144cami powiatu. Tym razem z mieszka\u0144cami Gminy Wo\u0142omin. Starosta zaprasza na bezpo\u015brednie spotkanie do Powiatowej Biblioteki Publicznej im Heleny i Stefana Nasfeter\u00f3w w Wo\u0142ominie przy ulicy Ogrodowej 1A w godzinach 15.00 &#8211; 17.00. spotkanie odbywa si\u0119 w cyklu &#8222;Starosta w terenie 4.0&#8221;<\/p>\n\n\n\n<hr class=\"wp-block-separator aligncenter has-alpha-channel-opacity\"\/>\n\n\n<div class=\"wp-block-image\">\n<figure class=\"alignleft size-large is-resized\"><img loading=\"lazy\" decoding=\"async\" width=\"1024\" height=\"1024\" src=\"https:\/\/powiatwwl.pl\/wp-content\/uploads\/2026\/03\/PW-logo12-Zdjecie-profilowe-na-Facebooka-1-1024x1024.jpg\" alt=\"\" class=\"wp-image-1845\" style=\"width:108px;height:auto\" srcset=\"https:\/\/powiatwwl.pl\/wp-content\/uploads\/2026\/03\/PW-logo12-Zdjecie-profilowe-na-Facebooka-1-1024x1024.jpg 1024w, https:\/\/powiatwwl.pl\/wp-content\/uploads\/2026\/03\/PW-logo12-Zdjecie-profilowe-na-Facebooka-1-300x300.jpg 300w, https:\/\/powiatwwl.pl\/wp-content\/uploads\/2026\/03\/PW-logo12-Zdjecie-profilowe-na-Facebooka-1-150x150.jpg 150w, https:\/\/powiatwwl.pl\/wp-content\/uploads\/2026\/03\/PW-logo12-Zdjecie-profilowe-na-Facebooka-1-768x768.jpg 768w, https:\/\/powiatwwl.pl\/wp-content\/uploads\/2026\/03\/PW-logo12-Zdjecie-profilowe-na-Facebooka-1-1536x1536.jpg 1536w, https:\/\/powiatwwl.pl\/wp-content\/uploads\/2026\/03\/PW-logo12-Zdjecie-profilowe-na-Facebooka-1-80x80.jpg 80w, https:\/\/powiatwwl.pl\/wp-content\/uploads\/2026\/03\/PW-logo12-Zdjecie-profilowe-na-Facebooka-1-320x320.jpg 320w, https:\/\/powiatwwl.pl\/wp-content\/uploads\/2026\/03\/PW-logo12-Zdjecie-profilowe-na-Facebooka-1.jpg 2048w\" sizes=\"auto, (max-width: 1024px) 100vw, 1024px\" \/><\/figure>\n<\/div>\n\n\n<h2 class=\"wp-block-heading\"><strong><a href=\"https:\/\/www.facebook.com\/starostaWerelich\">Arkadiusz WERELICH<\/a><\/strong><\/h2>\n\n\n\n<p><\/p>\n","protected":false},"excerpt":{"rendered":"<p>W poniedzia\u0142kowe popo\u0142udnie (20.04) Starosta Wo\u0142omi\u0144ski Arkadiusz WERELICH zaprasza na kolejne spotkanie z mieszka\u0144cami powiatu. Tym razem z mieszka\u0144cami Gminy Wo\u0142omin. Starosta zaprasza na bezpo\u015brednie spotkanie do Powiatowej Biblioteki Publicznej im Heleny i Stefana Nasfeter\u00f3w w Wo\u0142ominie przy ulicy Ogrodowej 1A w godzinach 15.00 &#8211; 17.00. spotkanie odbywa si\u0119 w cyklu &#8222;Starosta w terenie 4.0&#8221;<\/p>\n","protected":false},"author":1,"featured_media":2969,"comment_status":"open","ping_status":"open","sticky":false,"template":"","format":"standard","meta":{"footnotes":""},"categories":[1],"tags":[],"class_list":["post-2968","post","type-post","status-publish","format-standard","has-post-thumbnail","hentry","category-aktualnosci"],"_links":{"self":[{"href":"https:\/\/powiatwwl.pl\/index.php?rest_route=\/wp\/v2\/posts\/2968","targetHints":{"allow":["GET"]}}],"collection":[{"href":"https:\/\/powiatwwl.pl\/index.php?rest_route=\/wp\/v2\/posts"}],"about":[{"href":"https:\/\/powiatwwl.pl\/index.php?rest_route=\/wp\/v2\/types\/post"}],"author":[{"embeddable":true,"href":"https:\/\/powiatwwl.pl\/index.php?rest_route=\/wp\/v2\/users\/1"}],"replies":[{"embeddable":true,"href":"https:\/\/powiatwwl.pl\/index.php?rest_route=%2Fwp%2Fv2%2Fcomments&post=2968"}],"version-history":[{"count":4,"href":"https:\/\/powiatwwl.pl\/index.php?rest_route=\/wp\/v2\/posts\/2968\/revisions"}],"predecessor-version":[{"id":2975,"href":"https:\/\/powiatwwl.pl\/index.php?rest_route=\/wp\/v2\/posts\/2968\/revisions\/2975"}],"wp:featuredmedia":[{"embeddable":true,"href":"https:\/\/powiatwwl.pl\/index.php?rest_route=\/wp\/v2\/media\/2969"}],"wp:attachment":[{"href":"https:\/\/powiatwwl.pl\/index.php?rest_route=%2Fwp%2Fv2%2Fmedia&parent=2968"}],"wp:term":[{"taxonomy":"category","embeddable":true,"href":"https:\/\/powiatwwl.pl\/index.php?rest_route=%2Fwp%2Fv2%2Fcategories&post=2968"},{"taxonomy":"post_tag","embeddable":true,"href":"https:\/\/powiatwwl.pl\/index.php?rest_route=%2Fwp%2Fv2%2Ftags&post=2968"}],"curies":[{"name":"wp","href":"https:\/\/api.w.org\/{rel}","templated":true}]}}