{"id":2988,"date":"2026-04-20T15:30:32","date_gmt":"2026-04-20T13:30:32","guid":{"rendered":"https:\/\/powiatwwl.pl\/?p=2988"},"modified":"2026-04-20T15:48:32","modified_gmt":"2026-04-20T13:48:32","slug":"zdrowa-sobota-w-szpitalu-25-kwietnia-video","status":"publish","type":"post","link":"https:\/\/powiatwwl.pl\/?p=2988","title":{"rendered":"Zdrowa Sobota w szpitalu &#8211; 25 kwietnia \/VIDEO\/"},"content":{"rendered":"<div class=\"wp-block-image\">\n<figure class=\"aligncenter size-full is-resized\"><img loading=\"lazy\" decoding=\"async\" width=\"788\" height=\"788\" src=\"https:\/\/powiatwwl.pl\/wp-content\/uploads\/2026\/04\/661939743_1399697778840759_121445160476323652_n.jpg\" alt=\"\" class=\"wp-image-2998\" style=\"width:460px;height:auto\" srcset=\"https:\/\/powiatwwl.pl\/wp-content\/uploads\/2026\/04\/661939743_1399697778840759_121445160476323652_n.jpg 788w, https:\/\/powiatwwl.pl\/wp-content\/uploads\/2026\/04\/661939743_1399697778840759_121445160476323652_n-300x300.jpg 300w, https:\/\/powiatwwl.pl\/wp-content\/uploads\/2026\/04\/661939743_1399697778840759_121445160476323652_n-150x150.jpg 150w, https:\/\/powiatwwl.pl\/wp-content\/uploads\/2026\/04\/661939743_1399697778840759_121445160476323652_n-768x768.jpg 768w, https:\/\/powiatwwl.pl\/wp-content\/uploads\/2026\/04\/661939743_1399697778840759_121445160476323652_n-80x80.jpg 80w, https:\/\/powiatwwl.pl\/wp-content\/uploads\/2026\/04\/661939743_1399697778840759_121445160476323652_n-320x320.jpg 320w\" sizes=\"auto, (max-width: 788px) 100vw, 788px\" \/><\/figure>\n<\/div>\n\n\n<p>Zdrowa Sobota w Szpitalu w Wo\u0142ominie &#8211; 25 kwietnia 2026 r. W ramach naszej misji promocji zdrowia, zapraszamy na kolejn\u0105 \u201eZdrow\u0105 Sobot\u0119\u201d: Rejestracja: 22 76 33 200 Przychodnia Szpitala Matki Bo\u017cej Nieustaj\u0105cej Pomocy w Wo\u0142ominie (Nowy budynek od ul. Gdy\u0144skiej)<\/p>\n\n\n\n<p>PUNKT POBRA\u0143 DLA DZIECI i DOROS\u0141YCH 8:00-13:00<\/p>\n\n\n\n<p>Tego dnia realizujemy badania odp\u0142atnie (zgodnie z cennikiem) oraz bezp\u0142atnie na NFZ (wymagane skierowanie).<\/p>\n\n\n\n<p>Doro\u015bli mog\u0105 w tym dniu skorzysta\u0107 r\u00f3wnie\u017c z odp\u0142atnych konsultacji u specjalisty:<\/p>\n\n\n\n<p><img loading=\"lazy\" decoding=\"async\" height=\"16\" width=\"16\" alt=\"\u2705\" src=\"https:\/\/static.xx.fbcdn.net\/images\/emoji.php\/v9\/t33\/1\/16\/2705.png\">CHIRURG &#8211; lek. Maja Gorajska- Sie\u0144ko &#8211; Konsultacje oraz laserowe usuwanie zmian (zabiegi laserem CO2)<\/p>\n\n\n\n<p><img loading=\"lazy\" decoding=\"async\" height=\"16\" width=\"16\" alt=\"\u2705\" src=\"https:\/\/static.xx.fbcdn.net\/images\/emoji.php\/v9\/t33\/1\/16\/2705.png\">NEUROLOG &#8211; lek. Svitlana drozd<\/p>\n\n\n\n<p><img loading=\"lazy\" decoding=\"async\" height=\"16\" width=\"16\" alt=\"\u2705\" src=\"https:\/\/static.xx.fbcdn.net\/images\/emoji.php\/v9\/t33\/1\/16\/2705.png\">ORTOPEDA &#8211; lek. Stefan Dunin- Holecki &#8211; Konsultacje oraz USG ortopedyczne<\/p>\n\n\n\n<p><img loading=\"lazy\" decoding=\"async\" height=\"16\" width=\"16\" alt=\"\u2705\" src=\"https:\/\/static.xx.fbcdn.net\/images\/emoji.php\/v9\/t33\/1\/16\/2705.png\">OKULISTA &#8211; lek. Emilia Zwierzchlewska &#8211; \u015bwiderek<\/p>\n\n\n\n<p><img loading=\"lazy\" decoding=\"async\" height=\"16\" width=\"16\" alt=\"\u2705\" src=\"https:\/\/static.xx.fbcdn.net\/images\/emoji.php\/v9\/t33\/1\/16\/2705.png\">ENDOKRYNOLOG &#8211; lek. Anna Wilczewska<\/p>\n\n\n\n<hr class=\"wp-block-separator aligncenter has-alpha-channel-opacity\"\/>\n\n\n<div class=\"wp-block-image\">\n<figure class=\"alignleft size-full is-resized\"><img loading=\"lazy\" decoding=\"async\" width=\"986\" height=\"986\" src=\"https:\/\/powiatwwl.pl\/wp-content\/uploads\/2026\/02\/471215420_1097417855172626_438410656441550007_n.jpg\" alt=\"\" class=\"wp-image-306\" style=\"width:109px;height:auto\" srcset=\"https:\/\/powiatwwl.pl\/wp-content\/uploads\/2026\/02\/471215420_1097417855172626_438410656441550007_n.jpg 986w, https:\/\/powiatwwl.pl\/wp-content\/uploads\/2026\/02\/471215420_1097417855172626_438410656441550007_n-300x300.jpg 300w, https:\/\/powiatwwl.pl\/wp-content\/uploads\/2026\/02\/471215420_1097417855172626_438410656441550007_n-150x150.jpg 150w, https:\/\/powiatwwl.pl\/wp-content\/uploads\/2026\/02\/471215420_1097417855172626_438410656441550007_n-768x768.jpg 768w, https:\/\/powiatwwl.pl\/wp-content\/uploads\/2026\/02\/471215420_1097417855172626_438410656441550007_n-80x80.jpg 80w, https:\/\/powiatwwl.pl\/wp-content\/uploads\/2026\/02\/471215420_1097417855172626_438410656441550007_n-320x320.jpg 320w\" sizes=\"auto, (max-width: 986px) 100vw, 986px\" \/><\/figure>\n<\/div>\n\n\n<h2 class=\"wp-block-heading\"><strong><a href=\"https:\/\/www.facebook.com\/reel\/1659189961761920\">ZDROWA SOBOTA VIDEO<\/a><\/strong><\/h2>\n\n\n\n<p><\/p>\n","protected":false},"excerpt":{"rendered":"<p>Zdrowa Sobota w Szpitalu w Wo\u0142ominie &#8211; 25 kwietnia 2026 r. W ramach naszej misji promocji zdrowia, zapraszamy na kolejn\u0105 \u201eZdrow\u0105 Sobot\u0119\u201d: Rejestracja: 22 76 33 200 Przychodnia Szpitala Matki Bo\u017cej Nieustaj\u0105cej Pomocy w Wo\u0142ominie (Nowy budynek od ul. Gdy\u0144skiej)<\/p>\n","protected":false},"author":1,"featured_media":2989,"comment_status":"open","ping_status":"open","sticky":false,"template":"","format":"standard","meta":{"footnotes":""},"categories":[1],"tags":[],"class_list":["post-2988","post","type-post","status-publish","format-standard","has-post-thumbnail","hentry","category-aktualnosci"],"_links":{"self":[{"href":"https:\/\/powiatwwl.pl\/index.php?rest_route=\/wp\/v2\/posts\/2988","targetHints":{"allow":["GET"]}}],"collection":[{"href":"https:\/\/powiatwwl.pl\/index.php?rest_route=\/wp\/v2\/posts"}],"about":[{"href":"https:\/\/powiatwwl.pl\/index.php?rest_route=\/wp\/v2\/types\/post"}],"author":[{"embeddable":true,"href":"https:\/\/powiatwwl.pl\/index.php?rest_route=\/wp\/v2\/users\/1"}],"replies":[{"embeddable":true,"href":"https:\/\/powiatwwl.pl\/index.php?rest_route=%2Fwp%2Fv2%2Fcomments&post=2988"}],"version-history":[{"count":4,"href":"https:\/\/powiatwwl.pl\/index.php?rest_route=\/wp\/v2\/posts\/2988\/revisions"}],"predecessor-version":[{"id":3002,"href":"https:\/\/powiatwwl.pl\/index.php?rest_route=\/wp\/v2\/posts\/2988\/revisions\/3002"}],"wp:featuredmedia":[{"embeddable":true,"href":"https:\/\/powiatwwl.pl\/index.php?rest_route=\/wp\/v2\/media\/2989"}],"wp:attachment":[{"href":"https:\/\/powiatwwl.pl\/index.php?rest_route=%2Fwp%2Fv2%2Fmedia&parent=2988"}],"wp:term":[{"taxonomy":"category","embeddable":true,"href":"https:\/\/powiatwwl.pl\/index.php?rest_route=%2Fwp%2Fv2%2Fcategories&post=2988"},{"taxonomy":"post_tag","embeddable":true,"href":"https:\/\/powiatwwl.pl\/index.php?rest_route=%2Fwp%2Fv2%2Ftags&post=2988"}],"curies":[{"name":"wp","href":"https:\/\/api.w.org\/{rel}","templated":true}]}}