{"id":3007,"date":"2026-04-21T12:29:06","date_gmt":"2026-04-21T10:29:06","guid":{"rendered":"https:\/\/powiatwwl.pl\/?p=3007"},"modified":"2026-04-21T12:29:51","modified_gmt":"2026-04-21T10:29:51","slug":"jestesmy-jeszcze-lepiej-gotowi-video","status":"publish","type":"post","link":"https:\/\/powiatwwl.pl\/?p=3007","title":{"rendered":"Jeste\u015bmy jeszcze lepiej gotowi \/VIDEO\/"},"content":{"rendered":"<div class=\"wp-block-image\">\n<figure class=\"aligncenter size-full\"><img loading=\"lazy\" decoding=\"async\" width=\"766\" height=\"442\" src=\"https:\/\/powiatwwl.pl\/wp-content\/uploads\/2026\/04\/Ponad-7-milionow-zlotych-na-wzmocnienie-bezpieczenstwa-w-Powiecie-Wolominskim-e1760358811426.jpg\" alt=\"\" class=\"wp-image-3008\" srcset=\"https:\/\/powiatwwl.pl\/wp-content\/uploads\/2026\/04\/Ponad-7-milionow-zlotych-na-wzmocnienie-bezpieczenstwa-w-Powiecie-Wolominskim-e1760358811426.jpg 766w, https:\/\/powiatwwl.pl\/wp-content\/uploads\/2026\/04\/Ponad-7-milionow-zlotych-na-wzmocnienie-bezpieczenstwa-w-Powiecie-Wolominskim-e1760358811426-300x173.jpg 300w\" sizes=\"auto, (max-width: 766px) 100vw, 766px\" \/><\/figure>\n<\/div>\n\n\n<p>Sprz\u0119t, kt\u00f3ry robi r\u00f3\u017cnic\u0119 \u2013 tak wzmacniamy bezpiecze\u0144stwo mieszka\u0144c\u00f3w naszego powiatu! Razem z Wydzia\u0142em Zarz\u0105dzania Kryzysowego mia\u0142em okazj\u0119 uczestniczy\u0107 w podsumowuj\u0105cej inwentaryzacji sprz\u0119tu zakupionego w ramach Programu Ochrony Ludno\u015bci i Obrony Cywilnej, ze \u015brodk\u00f3w przekazanych przez Wojewod\u0119 Mazowieckiego <a href=\"https:\/\/www.facebook.com\/profile.php?id=100064159172256&amp;__cft__[0]=AZYhBvcsgfwf7WmXGEb-lvr2gb2zGkPCE4uQeifj_JdIYrAyjibwAw9rG5INfRGS-fYEybLcr0AjX_hhejBaj_bL5PFmnHxrzNlGvvoUN9M-uMNBFkHBM3y1on0RGVka-THMU1ZY31KjDW2MXhAojLst4Sv6K2dtM4zKiuD_rk3Orp6OTF3Ogk4x6AnqZdf6d_E16isz_lsIsk_agMwR7fvr&amp;__tn__=-]K-R\">Mariusz R. Frankowski<\/a>. To moment, kt\u00f3ry najlepiej pokazuje skal\u0119 przygotowa\u0144 i to, jak bardzo wzmacniamy nasze bezpiecze\u0144stwo.<\/p>\n\n\n\n<p>Sprz\u0119t czeka ju\u017c na miejscu i jest gotowy do dzia\u0142ania. Na wyposa\u017ceniu znalaz\u0142y si\u0119 m.in.:<\/p>\n\n\n\n<p><img loading=\"lazy\" decoding=\"async\" height=\"16\" width=\"16\" alt=\"\ud83d\udccc\" src=\"https:\/\/static.xx.fbcdn.net\/images\/emoji.php\/v9\/tac\/1\/16\/1f4cc.png\"> kontenery magazynowe, biurowe, \u017cywno\u015bciowe, medyczne oraz sanitarne<\/p>\n\n\n\n<p><img loading=\"lazy\" decoding=\"async\" height=\"16\" width=\"16\" alt=\"\ud83d\udccc\" src=\"https:\/\/static.xx.fbcdn.net\/images\/emoji.php\/v9\/tac\/1\/16\/1f4cc.png\"> magazyny energii i stacje zasilania<\/p>\n\n\n\n<p><img loading=\"lazy\" decoding=\"async\" height=\"16\" width=\"16\" alt=\"\ud83d\udccc\" src=\"https:\/\/static.xx.fbcdn.net\/images\/emoji.php\/v9\/tac\/1\/16\/1f4cc.png\"> \u017cywno\u015b\u0107 liofilizowana (z dat\u0105 wa\u017cno\u015bci a\u017c do 2050 roku<img loading=\"lazy\" decoding=\"async\" height=\"16\" width=\"16\" alt=\"\u2757\ufe0f\" src=\"https:\/\/static.xx.fbcdn.net\/images\/emoji.php\/v9\/t50\/1\/16\/2757.png\">)<\/p>\n\n\n\n<p><img loading=\"lazy\" decoding=\"async\" height=\"16\" width=\"16\" alt=\"\ud83d\udccc\" src=\"https:\/\/static.xx.fbcdn.net\/images\/emoji.php\/v9\/tac\/1\/16\/1f4cc.png\"> woda pitna, zbiorniki na wod\u0119 oraz sprz\u0119t do jej uzdatniania<\/p>\n\n\n\n<p><img loading=\"lazy\" decoding=\"async\" height=\"16\" width=\"16\" alt=\"\ud83d\udccc\" src=\"https:\/\/static.xx.fbcdn.net\/images\/emoji.php\/v9\/tac\/1\/16\/1f4cc.png\"> wyposa\u017cenie medyczne, plecaki ratownicze i apteczki<\/p>\n\n\n\n<p><img loading=\"lazy\" decoding=\"async\" height=\"16\" width=\"16\" alt=\"\ud83d\udccc\" src=\"https:\/\/static.xx.fbcdn.net\/images\/emoji.php\/v9\/tac\/1\/16\/1f4cc.png\"> kombinezony, maski i filtry ochronne<\/p>\n\n\n\n<p><img loading=\"lazy\" decoding=\"async\" height=\"16\" width=\"16\" alt=\"\ud83d\udccc\" src=\"https:\/\/static.xx.fbcdn.net\/images\/emoji.php\/v9\/tac\/1\/16\/1f4cc.png\"> AED, przeno\u015bne aparaty USG i EKG, ci\u015bnieniomierze<\/p>\n\n\n\n<p><img loading=\"lazy\" decoding=\"async\" height=\"16\" width=\"16\" alt=\"\ud83d\udccc\" src=\"https:\/\/static.xx.fbcdn.net\/images\/emoji.php\/v9\/tac\/1\/16\/1f4cc.png\"> wyposa\u017cenie szpitalne, w tym \u0142\u00f3\u017cka, materace, parawany i w\u00f3zki inwalidzkie<\/p>\n\n\n\n<p>To dok\u0142adnie ten rodzaj zaplecza, kt\u00f3ry robi r\u00f3\u017cnic\u0119 w sytuacjach kryzysowych, gdzie liczy si\u0119 szybka reakcja i dost\u0119p do odpowiedniego sprz\u0119tu. Widzieli\u015bmy to m.in. podczas po\u017caru w Z\u0105bkach w ubieg\u0142ym roku. Dlatego jako <a href=\"https:\/\/www.facebook.com\/Powiat.Wolominski?__cft__[0]=AZYhBvcsgfwf7WmXGEb-lvr2gb2zGkPCE4uQeifj_JdIYrAyjibwAw9rG5INfRGS-fYEybLcr0AjX_hhejBaj_bL5PFmnHxrzNlGvvoUN9M-uMNBFkHBM3y1on0RGVka-THMU1ZY31KjDW2MXhAojLst4Sv6K2dtM4zKiuD_rk3Orp6OTF3Ogk4x6AnqZdf6d_E16isz_lsIsk_agMwR7fvr&amp;__tn__=-]K-R\">Powiat Wo\u0142omi\u0144ski<\/a> konsekwentnie budujemy gotowo\u015b\u0107 na niebezpieczne sytuacje. Kl\u0119ski \u017cywio\u0142owe, awarie czy lokalne zagro\u017cenia wymagaj\u0105 przygotowania wcze\u015bniej, nie w trakcie. Dzi\u015b jeste\u015bmy na to jeszcze lepiej gotowi. <\/p>\n\n\n\n<hr class=\"wp-block-separator has-alpha-channel-opacity\"\/>\n\n\n<div class=\"wp-block-image\">\n<figure class=\"alignleft size-full is-resized\"><img loading=\"lazy\" decoding=\"async\" width=\"346\" height=\"146\" src=\"https:\/\/powiatwwl.pl\/wp-content\/uploads\/2026\/04\/download.png\" alt=\"\" class=\"wp-image-3009\" style=\"aspect-ratio:2.3700096328802314;width:110px;height:auto\" srcset=\"https:\/\/powiatwwl.pl\/wp-content\/uploads\/2026\/04\/download.png 346w, https:\/\/powiatwwl.pl\/wp-content\/uploads\/2026\/04\/download-300x127.png 300w\" sizes=\"auto, (max-width: 346px) 100vw, 346px\" \/><\/figure>\n<\/div>\n\n\n<h2 class=\"wp-block-heading\"><strong><a href=\"https:\/\/www.facebook.com\/reel\/1496383225431388\">Programu Ochrony Ludno\u015bci i Obrony Cywilnej \/VIDEO\/<\/a><\/strong><\/h2>\n\n\n\n<p><\/p>\n","protected":false},"excerpt":{"rendered":"<p>Sprz\u0119t, kt\u00f3ry robi r\u00f3\u017cnic\u0119 \u2013 tak wzmacniamy bezpiecze\u0144stwo mieszka\u0144c\u00f3w naszego powiatu! Razem z Wydzia\u0142em Zarz\u0105dzania Kryzysowego mia\u0142em okazj\u0119 uczestniczy\u0107 w podsumowuj\u0105cej inwentaryzacji sprz\u0119tu zakupionego w ramach Programu Ochrony Ludno\u015bci i Obrony Cywilnej, ze \u015brodk\u00f3w przekazanych przez Wojewod\u0119 Mazowieckiego Mariusza R. Frankowskiego. To moment, kt\u00f3ry najlepiej pokazuje skal\u0119 przygotowa\u0144 i to, jak bardzo wzmacniamy nasze bezpiecze\u0144stwo&#8230;<\/p>\n","protected":false},"author":1,"featured_media":3009,"comment_status":"open","ping_status":"open","sticky":false,"template":"","format":"standard","meta":{"footnotes":""},"categories":[1],"tags":[],"class_list":["post-3007","post","type-post","status-publish","format-standard","has-post-thumbnail","hentry","category-aktualnosci"],"_links":{"self":[{"href":"https:\/\/powiatwwl.pl\/index.php?rest_route=\/wp\/v2\/posts\/3007","targetHints":{"allow":["GET"]}}],"collection":[{"href":"https:\/\/powiatwwl.pl\/index.php?rest_route=\/wp\/v2\/posts"}],"about":[{"href":"https:\/\/powiatwwl.pl\/index.php?rest_route=\/wp\/v2\/types\/post"}],"author":[{"embeddable":true,"href":"https:\/\/powiatwwl.pl\/index.php?rest_route=\/wp\/v2\/users\/1"}],"replies":[{"embeddable":true,"href":"https:\/\/powiatwwl.pl\/index.php?rest_route=%2Fwp%2Fv2%2Fcomments&post=3007"}],"version-history":[{"count":2,"href":"https:\/\/powiatwwl.pl\/index.php?rest_route=\/wp\/v2\/posts\/3007\/revisions"}],"predecessor-version":[{"id":3011,"href":"https:\/\/powiatwwl.pl\/index.php?rest_route=\/wp\/v2\/posts\/3007\/revisions\/3011"}],"wp:featuredmedia":[{"embeddable":true,"href":"https:\/\/powiatwwl.pl\/index.php?rest_route=\/wp\/v2\/media\/3009"}],"wp:attachment":[{"href":"https:\/\/powiatwwl.pl\/index.php?rest_route=%2Fwp%2Fv2%2Fmedia&parent=3007"}],"wp:term":[{"taxonomy":"category","embeddable":true,"href":"https:\/\/powiatwwl.pl\/index.php?rest_route=%2Fwp%2Fv2%2Fcategories&post=3007"},{"taxonomy":"post_tag","embeddable":true,"href":"https:\/\/powiatwwl.pl\/index.php?rest_route=%2Fwp%2Fv2%2Ftags&post=3007"}],"curies":[{"name":"wp","href":"https:\/\/api.w.org\/{rel}","templated":true}]}}