{"id":3015,"date":"2026-04-21T15:15:54","date_gmt":"2026-04-21T13:15:54","guid":{"rendered":"https:\/\/powiatwwl.pl\/?p=3015"},"modified":"2026-04-21T15:15:55","modified_gmt":"2026-04-21T13:15:55","slug":"ponad-15-mln-zlotych-dla-naszego-powiatowego-szpitala","status":"publish","type":"post","link":"https:\/\/powiatwwl.pl\/?p=3015","title":{"rendered":"Ponad 15 mln. z\u0142otych dla naszego powiatowego szpitala"},"content":{"rendered":"<div class=\"wp-block-image\">\n<figure class=\"aligncenter size-full is-resized\"><img loading=\"lazy\" decoding=\"async\" width=\"960\" height=\"540\" src=\"https:\/\/powiatwwl.pl\/wp-content\/uploads\/2026\/04\/678943659_1417662997044237_9093591179912726737_n.jpg\" alt=\"\" class=\"wp-image-3016\" style=\"aspect-ratio:1.777757793764988;width:692px;height:auto\" srcset=\"https:\/\/powiatwwl.pl\/wp-content\/uploads\/2026\/04\/678943659_1417662997044237_9093591179912726737_n.jpg 960w, https:\/\/powiatwwl.pl\/wp-content\/uploads\/2026\/04\/678943659_1417662997044237_9093591179912726737_n-300x169.jpg 300w, https:\/\/powiatwwl.pl\/wp-content\/uploads\/2026\/04\/678943659_1417662997044237_9093591179912726737_n-768x432.jpg 768w\" sizes=\"auto, (max-width: 960px) 100vw, 960px\" \/><\/figure>\n<\/div>\n\n\n<p>Ponad 15 mln z\u0142 i trzy podpisane umowy na rozw\u00f3j Szpitala MBNP na zakup, monta\u017c oraz integracj\u0119 informatyczn\u0105 sprz\u0119tu oraz aparatury medycznej Zak\u0142adu Diagnostyki Obrazowej. To inwestycja, kt\u00f3ra dotyka samego centrum funkcjonowania szpitala. Diagnostyka obrazowa to podstawa decyzji o leczeniu, operacjach i dalszej hospitalizacji. W ramach zadania powstanie nowoczesny zak\u0142ad wyposa\u017cony m.in. <strong>w rezonans magnetyczny, tomograf komputerowy, pracownie USG i RTG, mammografi\u0119, pracowni\u0119 echokardiografii z EKG<\/strong>.<\/p>\n\n\n\n<p>Co wa\u017cne: <strong>Zak\u0142ad Diagnostyki Obrazowej b\u0119dzie funkcjonowa\u0142 w bezpo\u015brednim s\u0105siedztwie SOR. <\/strong>To rozwi\u0105zanie, kt\u00f3re w medycynie ratunkowej ma ogromne znaczenie, bo skraca czas diagnozy w sytuacjach zagro\u017cenia \u017cycia. Dodatkowo wiele terapii wymaga regularnego obrazowania, dlatego dost\u0119pno\u015b\u0107 bada\u0144 na miejscu oznacza lepsz\u0105 koordynacj\u0119 leczenia mi\u0119dzy oddzia\u0142ami. Szpitalny Oddzia\u0142 Ratunkowy zostanie uruchomiony na pocz\u0105tku drugiego p\u00f3\u0142rocza tego roku, natomiast Zak\u0142ad Diagnostyki Obrazowej, b\u0119d\u0105cy jego kompleksowym uzupe\u0142nieniem, zostanie otwarty w pierwszym kwartale 2027 r. Ca\u0142kowity koszt zadania to ponad 14,6 mln z\u0142. Dodatkowo podpisali\u015bmy tak\u017ce umowy na rozw\u00f3j e-us\u0142ug w szpitalu (600 tys. z\u0142) oraz doposa\u017cenie w sprz\u0119t kardiologiczny (90 tys. z\u0142). We wszystkich trzech zadaniach Powiat Wo\u0142omi\u0144ski pokrywa 98% koszt\u00f3w, a Szpital pozosta\u0142e 2%. To w\u0142a\u015bnie takie inwestycje podnosz\u0105 standard opieki medycznej i zwi\u0119kszaj\u0105 dost\u0119pno\u015b\u0107 nowoczesnego leczenia dla mieszka\u0144c\u00f3w naszego powiatu.<\/p>\n\n\n\n<hr class=\"wp-block-separator aligncenter has-alpha-channel-opacity\"\/>\n\n\n<div class=\"wp-block-image\">\n<figure class=\"alignleft size-large is-resized\"><img loading=\"lazy\" decoding=\"async\" width=\"1024\" height=\"1024\" src=\"https:\/\/powiatwwl.pl\/wp-content\/uploads\/2026\/03\/PW-logo12-Zdjecie-profilowe-na-Facebooka-1-1024x1024.jpg\" alt=\"\" class=\"wp-image-1845\" style=\"width:110px;height:auto\" srcset=\"https:\/\/powiatwwl.pl\/wp-content\/uploads\/2026\/03\/PW-logo12-Zdjecie-profilowe-na-Facebooka-1-1024x1024.jpg 1024w, https:\/\/powiatwwl.pl\/wp-content\/uploads\/2026\/03\/PW-logo12-Zdjecie-profilowe-na-Facebooka-1-300x300.jpg 300w, https:\/\/powiatwwl.pl\/wp-content\/uploads\/2026\/03\/PW-logo12-Zdjecie-profilowe-na-Facebooka-1-150x150.jpg 150w, https:\/\/powiatwwl.pl\/wp-content\/uploads\/2026\/03\/PW-logo12-Zdjecie-profilowe-na-Facebooka-1-768x768.jpg 768w, https:\/\/powiatwwl.pl\/wp-content\/uploads\/2026\/03\/PW-logo12-Zdjecie-profilowe-na-Facebooka-1-1536x1536.jpg 1536w, https:\/\/powiatwwl.pl\/wp-content\/uploads\/2026\/03\/PW-logo12-Zdjecie-profilowe-na-Facebooka-1-80x80.jpg 80w, https:\/\/powiatwwl.pl\/wp-content\/uploads\/2026\/03\/PW-logo12-Zdjecie-profilowe-na-Facebooka-1-320x320.jpg 320w, https:\/\/powiatwwl.pl\/wp-content\/uploads\/2026\/03\/PW-logo12-Zdjecie-profilowe-na-Facebooka-1.jpg 2048w\" sizes=\"auto, (max-width: 1024px) 100vw, 1024px\" \/><\/figure>\n<\/div>\n\n\n<h2 class=\"wp-block-heading\"><strong><a href=\"https:\/\/www.facebook.com\/starostaWerelich\">Arkadiusz WERELICH<\/a><\/strong><\/h2>\n\n\n\n<hr class=\"wp-block-separator aligncenter has-alpha-channel-opacity\"\/>\n\n\n<div class=\"wp-block-image\">\n<figure class=\"alignleft size-full is-resized\"><img loading=\"lazy\" decoding=\"async\" width=\"986\" height=\"986\" src=\"https:\/\/powiatwwl.pl\/wp-content\/uploads\/2026\/02\/471215420_1097417855172626_438410656441550007_n.jpg\" alt=\"\" class=\"wp-image-306\" style=\"width:113px;height:auto\" srcset=\"https:\/\/powiatwwl.pl\/wp-content\/uploads\/2026\/02\/471215420_1097417855172626_438410656441550007_n.jpg 986w, https:\/\/powiatwwl.pl\/wp-content\/uploads\/2026\/02\/471215420_1097417855172626_438410656441550007_n-300x300.jpg 300w, https:\/\/powiatwwl.pl\/wp-content\/uploads\/2026\/02\/471215420_1097417855172626_438410656441550007_n-150x150.jpg 150w, https:\/\/powiatwwl.pl\/wp-content\/uploads\/2026\/02\/471215420_1097417855172626_438410656441550007_n-768x768.jpg 768w, https:\/\/powiatwwl.pl\/wp-content\/uploads\/2026\/02\/471215420_1097417855172626_438410656441550007_n-80x80.jpg 80w, https:\/\/powiatwwl.pl\/wp-content\/uploads\/2026\/02\/471215420_1097417855172626_438410656441550007_n-320x320.jpg 320w\" sizes=\"auto, (max-width: 986px) 100vw, 986px\" \/><\/figure>\n<\/div>\n\n\n<h2 class=\"wp-block-heading\"><strong><a href=\"https:\/\/www.facebook.com\/szpitalwolomin\">SZPITAL POWIATOWY<\/a><\/strong><\/h2>\n\n\n\n<p><\/p>\n","protected":false},"excerpt":{"rendered":"<p>Ponad 15 mln z\u0142 i trzy podpisane umowy na rozw\u00f3j Szpitala MBNP na zakup, monta\u017c oraz integracj\u0119 informatyczn\u0105 sprz\u0119tu oraz aparatury medycznej Zak\u0142adu Diagnostyki Obrazowej. To inwestycja, kt\u00f3ra dotyka samego centrum funkcjonowania szpitala. Diagnostyka obrazowa to podstawa decyzji o leczeniu, operacjach i dalszej hospitalizacji. W ramach zadania powstanie nowoczesny zak\u0142ad wyposa\u017cony m.in. w rezonans magnetyczny, tomograf komputerowy, pracownie USG i RTG, mammografi\u0119, pracowni\u0119 echokardiografii z EKG&#8230;<\/p>\n","protected":false},"author":1,"featured_media":3016,"comment_status":"open","ping_status":"open","sticky":false,"template":"","format":"standard","meta":{"footnotes":""},"categories":[1],"tags":[],"class_list":["post-3015","post","type-post","status-publish","format-standard","has-post-thumbnail","hentry","category-aktualnosci"],"_links":{"self":[{"href":"https:\/\/powiatwwl.pl\/index.php?rest_route=\/wp\/v2\/posts\/3015","targetHints":{"allow":["GET"]}}],"collection":[{"href":"https:\/\/powiatwwl.pl\/index.php?rest_route=\/wp\/v2\/posts"}],"about":[{"href":"https:\/\/powiatwwl.pl\/index.php?rest_route=\/wp\/v2\/types\/post"}],"author":[{"embeddable":true,"href":"https:\/\/powiatwwl.pl\/index.php?rest_route=\/wp\/v2\/users\/1"}],"replies":[{"embeddable":true,"href":"https:\/\/powiatwwl.pl\/index.php?rest_route=%2Fwp%2Fv2%2Fcomments&post=3015"}],"version-history":[{"count":1,"href":"https:\/\/powiatwwl.pl\/index.php?rest_route=\/wp\/v2\/posts\/3015\/revisions"}],"predecessor-version":[{"id":3017,"href":"https:\/\/powiatwwl.pl\/index.php?rest_route=\/wp\/v2\/posts\/3015\/revisions\/3017"}],"wp:featuredmedia":[{"embeddable":true,"href":"https:\/\/powiatwwl.pl\/index.php?rest_route=\/wp\/v2\/media\/3016"}],"wp:attachment":[{"href":"https:\/\/powiatwwl.pl\/index.php?rest_route=%2Fwp%2Fv2%2Fmedia&parent=3015"}],"wp:term":[{"taxonomy":"category","embeddable":true,"href":"https:\/\/powiatwwl.pl\/index.php?rest_route=%2Fwp%2Fv2%2Fcategories&post=3015"},{"taxonomy":"post_tag","embeddable":true,"href":"https:\/\/powiatwwl.pl\/index.php?rest_route=%2Fwp%2Fv2%2Ftags&post=3015"}],"curies":[{"name":"wp","href":"https:\/\/api.w.org\/{rel}","templated":true}]}}