{"id":3018,"date":"2026-04-22T08:26:37","date_gmt":"2026-04-22T06:26:37","guid":{"rendered":"https:\/\/powiatwwl.pl\/?p=3018"},"modified":"2026-04-22T08:26:39","modified_gmt":"2026-04-22T06:26:39","slug":"13-km-nowej-nakladki-za-7-mln-zlotych-na-drogach-powiatu-wolominskiego","status":"publish","type":"post","link":"https:\/\/powiatwwl.pl\/?p=3018","title":{"rendered":"13 km nowej nak\u0142adki za 7 mln z\u0142otych na drogach Powiatu Wo\u0142omi\u0144skiego"},"content":{"rendered":"<div class=\"wp-block-image\">\n<figure class=\"aligncenter size-full\"><img loading=\"lazy\" decoding=\"async\" width=\"600\" height=\"503\" src=\"https:\/\/powiatwwl.pl\/wp-content\/uploads\/2026\/04\/678153695_122215936154372847_3943183334237520833_n.jpg\" alt=\"\" class=\"wp-image-3019\" srcset=\"https:\/\/powiatwwl.pl\/wp-content\/uploads\/2026\/04\/678153695_122215936154372847_3943183334237520833_n.jpg 600w, https:\/\/powiatwwl.pl\/wp-content\/uploads\/2026\/04\/678153695_122215936154372847_3943183334237520833_n-300x252.jpg 300w\" sizes=\"auto, (max-width: 600px) 100vw, 600px\" \/><\/figure>\n<\/div>\n\n\n<p>Blisko 7 mln z\u0142 na remont nak\u0142adek asfaltowych. Podpisali\u015bmy umow\u0119 na zakup masy asfaltowej, kt\u00f3ra b\u0119dzie wykorzystywana do napraw zniszczonej wierzchniej warstwy dr\u00f3g na terenie Powiat Wo\u0142omi\u0144ski. Warto\u015b\u0107 umowy to blisko 7 mln z\u0142. Dzi\u0119ki temu mo\u017cemy sprawnie prowadzi\u0107 prace tam, gdzie nawierzchnia wymaga interwencji. \u0141\u0105cznie wyremontujemy ok. 13 km dr\u00f3g. Gdzie pojawi\u0105 si\u0119 nowe nak\u0142adki?<\/p>\n\n\n\n<p><img loading=\"lazy\" decoding=\"async\" height=\"16\" width=\"16\" alt=\"\ud83d\udccd\" src=\"https:\/\/static.xx.fbcdn.net\/images\/emoji.php\/v9\/t2d\/1\/16\/1f4cd.png\"> Sulej\u00f3w \u2013 Jad\u00f3w | Gmina Jad\u00f3w | 700 m<\/p>\n\n\n\n<p><img loading=\"lazy\" decoding=\"async\" height=\"16\" width=\"16\" alt=\"\ud83d\udccd\" src=\"https:\/\/static.xx.fbcdn.net\/images\/emoji.php\/v9\/t2d\/1\/16\/1f4cd.png\"> Sulej\u00f3w \u2013 Chrz\u0119sne | Gmina Jad\u00f3w | 360 m<\/p>\n\n\n\n<p><img loading=\"lazy\" decoding=\"async\" height=\"16\" width=\"16\" alt=\"\ud83d\udccd\" src=\"https:\/\/static.xx.fbcdn.net\/images\/emoji.php\/v9\/t2d\/1\/16\/1f4cd.png\"> Wola R\u0119czajska \u2013 Po\u015bwi\u0119tne | Gmina Po\u015bwi\u0119tne | 2100 m<\/p>\n\n\n\n<p><img loading=\"lazy\" decoding=\"async\" height=\"16\" width=\"16\" alt=\"\ud83d\udccd\" src=\"https:\/\/static.xx.fbcdn.net\/images\/emoji.php\/v9\/t2d\/1\/16\/1f4cd.png\"> Jadwiniew | Gmina Po\u015bwi\u0119tne | 730 m<\/p>\n\n\n\n<p><img loading=\"lazy\" decoding=\"async\" height=\"16\" width=\"16\" alt=\"\ud83d\udccd\" src=\"https:\/\/static.xx.fbcdn.net\/images\/emoji.php\/v9\/t2d\/1\/16\/1f4cd.png\"> ul. \u017beromskiego, S\u0142upno | Gmina Radzymin | <img loading=\"lazy\" decoding=\"async\" height=\"16\" width=\"16\" alt=\"\ud83d\udccd\" src=\"https:\/\/static.xx.fbcdn.net\/images\/emoji.php\/v9\/t2d\/1\/16\/1f4cd.png\"> 700 m<\/p>\n\n\n\n<p><img loading=\"lazy\" decoding=\"async\" height=\"16\" width=\"16\" alt=\"\ud83d\udccd\" src=\"https:\/\/static.xx.fbcdn.net\/images\/emoji.php\/v9\/t2d\/1\/16\/1f4cd.png\"> Ja\u017awie | Gmina T\u0142uszcz | 550 m<\/p>\n\n\n\n<p><img loading=\"lazy\" decoding=\"async\" height=\"16\" width=\"16\" alt=\"\ud83d\udccd\" src=\"https:\/\/static.xx.fbcdn.net\/images\/emoji.php\/v9\/t2d\/1\/16\/1f4cd.png\"> Koz\u0142y | Gmina T\u0142uszcz | 700 m<\/p>\n\n\n\n<p><img loading=\"lazy\" decoding=\"async\" height=\"16\" width=\"16\" alt=\"\ud83d\udccd\" src=\"https:\/\/static.xx.fbcdn.net\/images\/emoji.php\/v9\/t2d\/1\/16\/1f4cd.png\"> Postoliska | Gmina T\u0142uszcz | 220 m<\/p>\n\n\n\n<p><img loading=\"lazy\" decoding=\"async\" height=\"16\" width=\"16\" alt=\"\ud83d\udccd\" src=\"https:\/\/static.xx.fbcdn.net\/images\/emoji.php\/v9\/t2d\/1\/16\/1f4cd.png\"> Annopol\/M\u0142ynisko | Gmina Strach\u00f3wka | 750 m<\/p>\n\n\n\n<p><img loading=\"lazy\" decoding=\"async\" height=\"16\" width=\"16\" alt=\"\ud83d\udccd\" src=\"https:\/\/static.xx.fbcdn.net\/images\/emoji.php\/v9\/t2d\/1\/16\/1f4cd.png\"> Karpin | Urz\u0105d Gminy D\u0105br\u00f3wka | 750 m<\/p>\n\n\n\n<p><img loading=\"lazy\" decoding=\"async\" height=\"16\" width=\"16\" alt=\"\ud83d\udccd\" src=\"https:\/\/static.xx.fbcdn.net\/images\/emoji.php\/v9\/t2d\/1\/16\/1f4cd.png\"> Czarn\u00f3w | Urz\u0105d Gminy D\u0105br\u00f3wka | 500 m<\/p>\n\n\n\n<p><img loading=\"lazy\" decoding=\"async\" height=\"16\" width=\"16\" alt=\"\ud83d\udccd\" src=\"https:\/\/static.xx.fbcdn.net\/images\/emoji.php\/v9\/t2d\/1\/16\/1f4cd.png\"> D\u0105br\u00f3wka\/Dr\u0119szew | Urz\u0105d Gminy D\u0105br\u00f3wka | 550 m<\/p>\n\n\n\n<p><img loading=\"lazy\" decoding=\"async\" height=\"16\" width=\"16\" alt=\"\ud83d\udccd\" src=\"https:\/\/static.xx.fbcdn.net\/images\/emoji.php\/v9\/t2d\/1\/16\/1f4cd.png\"> ul. G\u0142\u00f3wna\/Stawowa | Miasto Marki | 700 m<\/p>\n\n\n\n<p><img loading=\"lazy\" decoding=\"async\" height=\"16\" width=\"16\" alt=\"\ud83d\udccd\" src=\"https:\/\/static.xx.fbcdn.net\/images\/emoji.php\/v9\/t2d\/1\/16\/1f4cd.png\"> ul. Niepodleg\u0142o\u015bci | Wo\u0142omin | 1200 m<\/p>\n\n\n\n<p><img loading=\"lazy\" decoding=\"async\" height=\"16\" width=\"16\" alt=\"\ud83d\udccd\" src=\"https:\/\/static.xx.fbcdn.net\/images\/emoji.php\/v9\/t2d\/1\/16\/1f4cd.png\"> Graniczna \u2013 Sitne | Gmina Jad\u00f3w | 700 m<\/p>\n\n\n\n<p><img loading=\"lazy\" decoding=\"async\" height=\"16\" width=\"16\" alt=\"\ud83d\udccd\" src=\"https:\/\/static.xx.fbcdn.net\/images\/emoji.php\/v9\/t2d\/1\/16\/1f4cd.png\"> Mi\u0119dzypole | Gmina Po\u015bwi\u0119tne | 930 m<\/p>\n\n\n\n<p><img loading=\"lazy\" decoding=\"async\" height=\"16\" width=\"16\" alt=\"\ud83d\udccd\" src=\"https:\/\/static.xx.fbcdn.net\/images\/emoji.php\/v9\/t2d\/1\/16\/1f4cd.png\"> ul. Wyszy\u0144skiego | Gmina Radzymin | 500 m<\/p>\n\n\n\n<p><img loading=\"lazy\" decoding=\"async\" height=\"16\" width=\"16\" alt=\"\ud83d\udccd\" src=\"https:\/\/static.xx.fbcdn.net\/images\/emoji.php\/v9\/t2d\/1\/16\/1f4cd.png\"> ul. \u017bymirskiego | Gmina Klemb\u00f3w | 360 m<\/p>\n\n\n\n<p>13 km nowej nak\u0142adki asfaltowej za 7 mln. z\u0142otych na drogach powiatowych. Prace drogowe ruszaj\u0105 wkr\u00f3tce.\/Tomasz KALATA\/<\/p>\n\n\n\n<hr class=\"wp-block-separator has-alpha-channel-opacity\"\/>\n\n\n<div class=\"wp-block-image\">\n<figure class=\"alignleft size-full is-resized\"><img loading=\"lazy\" decoding=\"async\" width=\"300\" height=\"300\" src=\"https:\/\/powiatwwl.pl\/wp-content\/uploads\/2026\/03\/Dodaj-podtytul-1.jpg\" alt=\"\" class=\"wp-image-2264\" style=\"width:109px;height:auto\" srcset=\"https:\/\/powiatwwl.pl\/wp-content\/uploads\/2026\/03\/Dodaj-podtytul-1.jpg 300w, https:\/\/powiatwwl.pl\/wp-content\/uploads\/2026\/03\/Dodaj-podtytul-1-150x150.jpg 150w, https:\/\/powiatwwl.pl\/wp-content\/uploads\/2026\/03\/Dodaj-podtytul-1-80x80.jpg 80w\" sizes=\"auto, (max-width: 300px) 100vw, 300px\" \/><\/figure>\n<\/div>\n\n\n<h2 class=\"wp-block-heading\"><strong><a href=\"https:\/\/www.facebook.com\/profile.php?id=61561185435479\">Tomasz KALATA<\/a><\/strong><\/h2>\n\n\n\n<p><\/p>\n","protected":false},"excerpt":{"rendered":"<p>Blisko 7 mln z\u0142 na remont nak\u0142adek asfaltowych. Podpisali\u015bmy umow\u0119 na zakup masy asfaltowej, kt\u00f3ra b\u0119dzie wykorzystywana do napraw zniszczonej wierzchniej warstwy dr\u00f3g na terenie Powiat Wo\u0142omi\u0144ski. Warto\u015b\u0107 umowy to blisko 7 mln z\u0142. Dzi\u0119ki temu mo\u017cemy sprawnie prowadzi\u0107 prace tam, gdzie nawierzchnia wymaga interwencji. \u0141\u0105cznie wyremontujemy ok. 13 km dr\u00f3g. Gdzie pojawi\u0105 si\u0119 nowe nak\u0142adki?&#8230;<\/p>\n","protected":false},"author":1,"featured_media":3019,"comment_status":"open","ping_status":"open","sticky":false,"template":"","format":"standard","meta":{"footnotes":""},"categories":[1],"tags":[],"class_list":["post-3018","post","type-post","status-publish","format-standard","has-post-thumbnail","hentry","category-aktualnosci"],"_links":{"self":[{"href":"https:\/\/powiatwwl.pl\/index.php?rest_route=\/wp\/v2\/posts\/3018","targetHints":{"allow":["GET"]}}],"collection":[{"href":"https:\/\/powiatwwl.pl\/index.php?rest_route=\/wp\/v2\/posts"}],"about":[{"href":"https:\/\/powiatwwl.pl\/index.php?rest_route=\/wp\/v2\/types\/post"}],"author":[{"embeddable":true,"href":"https:\/\/powiatwwl.pl\/index.php?rest_route=\/wp\/v2\/users\/1"}],"replies":[{"embeddable":true,"href":"https:\/\/powiatwwl.pl\/index.php?rest_route=%2Fwp%2Fv2%2Fcomments&post=3018"}],"version-history":[{"count":1,"href":"https:\/\/powiatwwl.pl\/index.php?rest_route=\/wp\/v2\/posts\/3018\/revisions"}],"predecessor-version":[{"id":3020,"href":"https:\/\/powiatwwl.pl\/index.php?rest_route=\/wp\/v2\/posts\/3018\/revisions\/3020"}],"wp:featuredmedia":[{"embeddable":true,"href":"https:\/\/powiatwwl.pl\/index.php?rest_route=\/wp\/v2\/media\/3019"}],"wp:attachment":[{"href":"https:\/\/powiatwwl.pl\/index.php?rest_route=%2Fwp%2Fv2%2Fmedia&parent=3018"}],"wp:term":[{"taxonomy":"category","embeddable":true,"href":"https:\/\/powiatwwl.pl\/index.php?rest_route=%2Fwp%2Fv2%2Fcategories&post=3018"},{"taxonomy":"post_tag","embeddable":true,"href":"https:\/\/powiatwwl.pl\/index.php?rest_route=%2Fwp%2Fv2%2Ftags&post=3018"}],"curies":[{"name":"wp","href":"https:\/\/api.w.org\/{rel}","templated":true}]}}