{"id":3021,"date":"2026-04-22T08:40:38","date_gmt":"2026-04-22T06:40:38","guid":{"rendered":"https:\/\/powiatwwl.pl\/?p=3021"},"modified":"2026-04-22T08:40:40","modified_gmt":"2026-04-22T06:40:40","slug":"szpitalny-serial-oddzial-anestezjologii-i-intensywnej-terapii-odc-9-oddzial-neurologiczny-z-pododdzialem-udarowym-odcinek-10-video","status":"publish","type":"post","link":"https:\/\/powiatwwl.pl\/?p=3021","title":{"rendered":"Szpitalny Serial &#8222;Oddzia\u0142 Anestezjologii i Intensywnej Terapii- odc. 9, &#8222;Oddzia\u0142 Neurologiczny z Pododdzia\u0142em Udarowym&#8221; &#8211; odcinek 10 \/VIDEO\/"},"content":{"rendered":"<div class=\"wp-block-image\">\n<figure class=\"aligncenter size-large is-resized\"><img loading=\"lazy\" decoding=\"async\" width=\"1024\" height=\"576\" src=\"https:\/\/powiatwwl.pl\/wp-content\/uploads\/2026\/04\/Dodaj-podtytul-3-1024x576.jpg\" alt=\"\" class=\"wp-image-2755\" style=\"aspect-ratio:1.777757793764988;width:744px;height:auto\" srcset=\"https:\/\/powiatwwl.pl\/wp-content\/uploads\/2026\/04\/Dodaj-podtytul-3-1024x576.jpg 1024w, https:\/\/powiatwwl.pl\/wp-content\/uploads\/2026\/04\/Dodaj-podtytul-3-300x169.jpg 300w, https:\/\/powiatwwl.pl\/wp-content\/uploads\/2026\/04\/Dodaj-podtytul-3-768x432.jpg 768w, https:\/\/powiatwwl.pl\/wp-content\/uploads\/2026\/04\/Dodaj-podtytul-3.jpg 1280w\" sizes=\"auto, (max-width: 1024px) 100vw, 1024px\" \/><\/figure>\n<\/div>\n\n\n<p>Odcinek 9 \u2013 Oddzia\u0142 Anestezjologii i Intensywnej Terapii. To tutaj zesp\u00f3\u0142 i technologia wspieraj\u0105 pacjent\u00f3w w ka\u017cdym oddechu i ka\u017cdym uderzeniu serca. W chwilach, gdy trwa walka o powr\u00f3t do zdrowia i bezpiecze\u0144stwo \u017cycia, ka\u017cde stanowisko staje si\u0119 zaawansowanym systemem ochrony funkcji \u017cyciowych, dzia\u0142aj\u0105cym w pe\u0142nej gotowo\u015bci przez ca\u0142\u0105 dob\u0119.<\/p>\n\n\n\n<p> Odcinek 10 \u2013 Oddzia\u0142 Neurologiczny z Pododdzia\u0142em Udarowym. To tutaj wiedza specjalist\u00f3w i zaawansowana diagnostyka obrazowa wspieraj\u0105 ochron\u0119 uk\u0142adu nerwowego naszych pacjent\u00f3w. W sytuacjach, w kt\u00f3rych kluczowe jest has\u0142o \u201eCzas to m\u00f3zg!\u201d, nowoczesne programy lekowe oraz pe\u0142na gotowo\u015b\u0107 zespo\u0142u pozwalaj\u0105 na b\u0142yskawiczn\u0105 reakcj\u0119 i dba\u0142o\u015b\u0107 o jako\u015b\u0107 \u017cycia przez ca\u0142\u0105 dob\u0119. <\/p>\n\n\n\n<p>Wiele Zespo\u0142\u00f3w. Jeden Organizm. Medyczna Ca\u0142o\u015b\u0107!<\/p>\n\n\n\n<hr class=\"wp-block-separator aligncenter has-alpha-channel-opacity\"\/>\n\n\n<div class=\"wp-block-image\">\n<figure class=\"alignleft size-large is-resized\"><img loading=\"lazy\" decoding=\"async\" width=\"1024\" height=\"576\" src=\"https:\/\/powiatwwl.pl\/wp-content\/uploads\/2026\/04\/Dodaj-podtytul-3-1024x576.jpg\" alt=\"\" class=\"wp-image-2755\" style=\"aspect-ratio:1.777757793764988;width:111px;height:auto\" srcset=\"https:\/\/powiatwwl.pl\/wp-content\/uploads\/2026\/04\/Dodaj-podtytul-3-1024x576.jpg 1024w, https:\/\/powiatwwl.pl\/wp-content\/uploads\/2026\/04\/Dodaj-podtytul-3-300x169.jpg 300w, https:\/\/powiatwwl.pl\/wp-content\/uploads\/2026\/04\/Dodaj-podtytul-3-768x432.jpg 768w, https:\/\/powiatwwl.pl\/wp-content\/uploads\/2026\/04\/Dodaj-podtytul-3.jpg 1280w\" sizes=\"auto, (max-width: 1024px) 100vw, 1024px\" \/><\/figure>\n<\/div>\n\n\n<h2 class=\"wp-block-heading\"><strong><a href=\"https:\/\/www.facebook.com\/reel\/1500320824863465\">Oddzia\u0142 Anestezjologii i Intensywnej Terapii- odc. 9 \/VIDEO\/<\/a><\/strong><\/h2>\n\n\n\n<hr class=\"wp-block-separator aligncenter has-alpha-channel-opacity\"\/>\n\n\n<div class=\"wp-block-image\">\n<figure class=\"alignleft size-large is-resized\"><img loading=\"lazy\" decoding=\"async\" width=\"1024\" height=\"576\" src=\"https:\/\/powiatwwl.pl\/wp-content\/uploads\/2026\/04\/Dodaj-podtytul-3-1024x576.jpg\" alt=\"\" class=\"wp-image-2755\" style=\"aspect-ratio:1.777757793764988;width:108px;height:auto\" srcset=\"https:\/\/powiatwwl.pl\/wp-content\/uploads\/2026\/04\/Dodaj-podtytul-3-1024x576.jpg 1024w, https:\/\/powiatwwl.pl\/wp-content\/uploads\/2026\/04\/Dodaj-podtytul-3-300x169.jpg 300w, https:\/\/powiatwwl.pl\/wp-content\/uploads\/2026\/04\/Dodaj-podtytul-3-768x432.jpg 768w, https:\/\/powiatwwl.pl\/wp-content\/uploads\/2026\/04\/Dodaj-podtytul-3.jpg 1280w\" sizes=\"auto, (max-width: 1024px) 100vw, 1024px\" \/><\/figure>\n<\/div>\n\n\n<h2 class=\"wp-block-heading\"><strong><a href=\"https:\/\/www.facebook.com\/reel\/1183377563773295\">Oddzia\u0142 Neurologiczny z Pododdzia\u0142em Udarowym&#8221; &#8211; odcinek 10 \/VIDEO\/<\/a><\/strong><\/h2>\n\n\n\n<p><\/p>\n","protected":false},"excerpt":{"rendered":"<p>Odcinek 9 \u2013 Oddzia\u0142 Anestezjologii i Intensywnej Terapii. To tutaj zesp\u00f3\u0142 i technologia wspieraj\u0105 pacjent\u00f3w w ka\u017cdym oddechu i ka\u017cdym uderzeniu serca. W chwilach, gdy trwa walka o powr\u00f3t do zdrowia i bezpiecze\u0144stwo \u017cycia, ka\u017cde stanowisko staje si\u0119 zaawansowanym systemem ochrony funkcji \u017cyciowych, dzia\u0142aj\u0105cym w pe\u0142nej gotowo\u015bci przez ca\u0142\u0105 dob\u0119. Odcinek 10 \u2013 Oddzia\u0142 Neurologiczny z Pododdzia\u0142em Udarowym. To tutaj wiedza specjalist\u00f3w i zaawansowana diagnostyka obrazowa wspieraj\u0105 ochron\u0119 uk\u0142adu nerwowego naszych pacjent\u00f3w. W sytuacjach, w kt\u00f3rych kluczowe jest has\u0142o \u201eCzas to m\u00f3zg!\u201d, nowoczesne programy lekowe oraz pe\u0142na gotowo\u015b\u0107 zespo\u0142u pozwalaj\u0105 na b\u0142yskawiczn\u0105 reakcj\u0119 i dba\u0142o\u015b\u0107 o jako\u015b\u0107 \u017cycia przez ca\u0142\u0105 dob\u0119. Wiele Zespo\u0142\u00f3w. Jeden Organizm. Medyczna Ca\u0142o\u015b\u0107!<\/p>\n","protected":false},"author":1,"featured_media":2755,"comment_status":"open","ping_status":"open","sticky":false,"template":"","format":"standard","meta":{"footnotes":""},"categories":[1],"tags":[],"class_list":["post-3021","post","type-post","status-publish","format-standard","has-post-thumbnail","hentry","category-aktualnosci"],"_links":{"self":[{"href":"https:\/\/powiatwwl.pl\/index.php?rest_route=\/wp\/v2\/posts\/3021","targetHints":{"allow":["GET"]}}],"collection":[{"href":"https:\/\/powiatwwl.pl\/index.php?rest_route=\/wp\/v2\/posts"}],"about":[{"href":"https:\/\/powiatwwl.pl\/index.php?rest_route=\/wp\/v2\/types\/post"}],"author":[{"embeddable":true,"href":"https:\/\/powiatwwl.pl\/index.php?rest_route=\/wp\/v2\/users\/1"}],"replies":[{"embeddable":true,"href":"https:\/\/powiatwwl.pl\/index.php?rest_route=%2Fwp%2Fv2%2Fcomments&post=3021"}],"version-history":[{"count":1,"href":"https:\/\/powiatwwl.pl\/index.php?rest_route=\/wp\/v2\/posts\/3021\/revisions"}],"predecessor-version":[{"id":3022,"href":"https:\/\/powiatwwl.pl\/index.php?rest_route=\/wp\/v2\/posts\/3021\/revisions\/3022"}],"wp:featuredmedia":[{"embeddable":true,"href":"https:\/\/powiatwwl.pl\/index.php?rest_route=\/wp\/v2\/media\/2755"}],"wp:attachment":[{"href":"https:\/\/powiatwwl.pl\/index.php?rest_route=%2Fwp%2Fv2%2Fmedia&parent=3021"}],"wp:term":[{"taxonomy":"category","embeddable":true,"href":"https:\/\/powiatwwl.pl\/index.php?rest_route=%2Fwp%2Fv2%2Fcategories&post=3021"},{"taxonomy":"post_tag","embeddable":true,"href":"https:\/\/powiatwwl.pl\/index.php?rest_route=%2Fwp%2Fv2%2Ftags&post=3021"}],"curies":[{"name":"wp","href":"https:\/\/api.w.org\/{rel}","templated":true}]}}