{"id":3037,"date":"2026-04-22T13:53:44","date_gmt":"2026-04-22T11:53:44","guid":{"rendered":"https:\/\/powiatwwl.pl\/?p=3037"},"modified":"2026-04-22T13:53:46","modified_gmt":"2026-04-22T11:53:46","slug":"dbamy-o-zdrowie-kompleksowo-mazowsze-dla-powiatu-wolominskiego-139-828-zl","status":"publish","type":"post","link":"https:\/\/powiatwwl.pl\/?p=3037","title":{"rendered":"Dbamy o zdrowie kompleksowo. Mazowsze dla Powiatu Wo\u0142omi\u0144skiego &#8211; 139 828 z\u0142."},"content":{"rendered":"<div class=\"wp-block-image\">\n<figure class=\"aligncenter size-full\"><img loading=\"lazy\" decoding=\"async\" width=\"600\" height=\"503\" src=\"https:\/\/powiatwwl.pl\/wp-content\/uploads\/2026\/04\/678288808_1518559800274274_9077433113966966858_n.jpg\" alt=\"\" class=\"wp-image-3038\" srcset=\"https:\/\/powiatwwl.pl\/wp-content\/uploads\/2026\/04\/678288808_1518559800274274_9077433113966966858_n.jpg 600w, https:\/\/powiatwwl.pl\/wp-content\/uploads\/2026\/04\/678288808_1518559800274274_9077433113966966858_n-300x252.jpg 300w\" sizes=\"auto, (max-width: 600px) 100vw, 600px\" \/><\/figure>\n<\/div>\n\n\n<p>Dwa nowe programy i konkretne wsparcie dla zdrowia mieszka\u0144c\u00f3w. <a href=\"https:\/\/www.facebook.com\/Powiat.Wolominski?__cft__[0]=AZZ5PALui1wpTnokKjp7IFZPtBLM5vdxCSHw6sZghP120ieqoRSHpJa3ZuteA9MNnDTNZ5vPoFpM4vDWzKmYnJQ0uSS_zUdtDlxnk528BoxNVU6L0dVVyJQw9yqwbmzhMS43ENQvjCES3Qgvyr0OmvfJUG0AkzAsu-YJoTzGBfQoabNvdS0OMsA8oGmo1no_Gi4&amp;__tn__=-]K-R\">Powiat Wo\u0142omi\u0144ski<\/a> pozyska\u0142 kolejne \u015brodki z bud\u017cetu Wojew\u00f3dztwa Mazowieckiego <a href=\"https:\/\/www.facebook.com\/Mazowsze.serce.Polski?__cft__[0]=AZZ5PALui1wpTnokKjp7IFZPtBLM5vdxCSHw6sZghP120ieqoRSHpJa3ZuteA9MNnDTNZ5vPoFpM4vDWzKmYnJQ0uSS_zUdtDlxnk528BoxNVU6L0dVVyJQw9yqwbmzhMS43ENQvjCES3Qgvyr0OmvfJUG0AkzAsu-YJoTzGBfQoabNvdS0OMsA8oGmo1no_Gi4&amp;__tn__=-]K-R\">Mazowsze serce Polski<\/a>. Dzi\u0119ki temu uruchamiamy dwa wa\u017cne programy zdrowotne, kt\u00f3re odpowiadaj\u0105 na potrzeby mieszka\u0144c\u00f3w. <\/p>\n\n\n\n<p>Pierwszy z nich to<strong> \u201eZdrowa r\u00f3wnoWAGA\u201d.<\/strong> Otrzymali\u015bmy blisko 95 tys. z\u0142 dofinansowania, a z programu skorzysta 420 doros\u0142ych mieszka\u0144c\u00f3w. <strong>Co przygotowali\u015bmy?<\/strong> &#8211; badania krwi i ocen\u0119 ryzyka chor\u00f3b metabolicznych, pomiary zdrowotne, w tym BMI i ci\u015bnienia, konsultacje diabetologiczne i dietetyczne, konkretne wskaz\u00f3wki, jak zadba\u0107 o zdrowie na co dzie\u0144. To szansa na wczesne wykrycie cukrzycy i innych chor\u00f3b, zanim zaczn\u0105 dawa\u0107 powa\u017cne objawy.<\/p>\n\n\n\n<p>Drugi program to <strong>\u201eW trosce o Zdrowie\u201d,<\/strong> na kt\u00f3ry pozyskali\u015bmy 45 tys. z\u0142. Tu skupiamy si\u0119 na r\u00f3wnie wa\u017cnym zdrowiu psychicznym. W ramach programu: 200 uczni\u00f3w we\u017amie udzia\u0142 w badaniach i dzia\u0142aniach edukacyjnych, 60 os\u00f3b skorzysta z indywidualnego wsparcia psychologicznego, 30 nauczycieli i specjalist\u00f3w we\u017amie udzia\u0142 w seminariach, 10 os\u00f3b otrzyma wsparcie w grupach zapewnimy te\u017c superwizje dla psycholog\u00f3w. B\u0119d\u0105 konsultacje, warsztaty i spotkania, kt\u00f3re pomog\u0105 lepiej radzi\u0107 sobie ze stresem, emocjami i codziennymi wyzwaniami.<\/p>\n\n\n\n<p>Dbamy o zdrowie mieszka\u0144c\u00f3w kompleksowo, zar\u00f3wno fizyczne, jak i psychiczne. Informacje wkr\u00f3tce na stronie szpitala.<\/p>\n\n\n\n<hr class=\"wp-block-separator aligncenter has-alpha-channel-opacity\"\/>\n\n\n<div class=\"wp-block-image\">\n<figure class=\"alignleft size-full is-resized\"><img loading=\"lazy\" decoding=\"async\" width=\"986\" height=\"986\" src=\"https:\/\/powiatwwl.pl\/wp-content\/uploads\/2026\/02\/471215420_1097417855172626_438410656441550007_n.jpg\" alt=\"\" class=\"wp-image-306\" style=\"width:107px;height:auto\" srcset=\"https:\/\/powiatwwl.pl\/wp-content\/uploads\/2026\/02\/471215420_1097417855172626_438410656441550007_n.jpg 986w, https:\/\/powiatwwl.pl\/wp-content\/uploads\/2026\/02\/471215420_1097417855172626_438410656441550007_n-300x300.jpg 300w, https:\/\/powiatwwl.pl\/wp-content\/uploads\/2026\/02\/471215420_1097417855172626_438410656441550007_n-150x150.jpg 150w, https:\/\/powiatwwl.pl\/wp-content\/uploads\/2026\/02\/471215420_1097417855172626_438410656441550007_n-768x768.jpg 768w, https:\/\/powiatwwl.pl\/wp-content\/uploads\/2026\/02\/471215420_1097417855172626_438410656441550007_n-80x80.jpg 80w, https:\/\/powiatwwl.pl\/wp-content\/uploads\/2026\/02\/471215420_1097417855172626_438410656441550007_n-320x320.jpg 320w\" sizes=\"auto, (max-width: 986px) 100vw, 986px\" \/><\/figure>\n<\/div>\n\n\n<h2 class=\"wp-block-heading\"><strong><a href=\"https:\/\/szpitalwolomin.pl\/\">SZPITAL POWIATOWY<\/a><\/strong><\/h2>\n\n\n\n<p><\/p>\n","protected":false},"excerpt":{"rendered":"<p>Dwa nowe programy i konkretne wsparcie dla zdrowia mieszka\u0144c\u00f3w. Powiat Wo\u0142omi\u0144ski pozyska\u0142 kolejne \u015brodki z bud\u017cetu Wojew\u00f3dztwa Mazowieckiego Mazowsze serce Polski. Dzi\u0119ki temu uruchamiamy dwa wa\u017cne programy zdrowotne, kt\u00f3re odpowiadaj\u0105 na potrzeby mieszka\u0144c\u00f3w. Pierwszy z nich to \u201eZdrowa r\u00f3wnoWAGA\u201d. Otrzymali\u015bmy blisko 95 tys. z\u0142 dofinansowania, a z programu skorzysta 420 doros\u0142ych mieszka\u0144c\u00f3w. Co przygotowali\u015bmy?&#8230;<\/p>\n","protected":false},"author":1,"featured_media":3038,"comment_status":"open","ping_status":"open","sticky":false,"template":"","format":"standard","meta":{"footnotes":""},"categories":[1],"tags":[],"class_list":["post-3037","post","type-post","status-publish","format-standard","has-post-thumbnail","hentry","category-aktualnosci"],"_links":{"self":[{"href":"https:\/\/powiatwwl.pl\/index.php?rest_route=\/wp\/v2\/posts\/3037","targetHints":{"allow":["GET"]}}],"collection":[{"href":"https:\/\/powiatwwl.pl\/index.php?rest_route=\/wp\/v2\/posts"}],"about":[{"href":"https:\/\/powiatwwl.pl\/index.php?rest_route=\/wp\/v2\/types\/post"}],"author":[{"embeddable":true,"href":"https:\/\/powiatwwl.pl\/index.php?rest_route=\/wp\/v2\/users\/1"}],"replies":[{"embeddable":true,"href":"https:\/\/powiatwwl.pl\/index.php?rest_route=%2Fwp%2Fv2%2Fcomments&post=3037"}],"version-history":[{"count":1,"href":"https:\/\/powiatwwl.pl\/index.php?rest_route=\/wp\/v2\/posts\/3037\/revisions"}],"predecessor-version":[{"id":3039,"href":"https:\/\/powiatwwl.pl\/index.php?rest_route=\/wp\/v2\/posts\/3037\/revisions\/3039"}],"wp:featuredmedia":[{"embeddable":true,"href":"https:\/\/powiatwwl.pl\/index.php?rest_route=\/wp\/v2\/media\/3038"}],"wp:attachment":[{"href":"https:\/\/powiatwwl.pl\/index.php?rest_route=%2Fwp%2Fv2%2Fmedia&parent=3037"}],"wp:term":[{"taxonomy":"category","embeddable":true,"href":"https:\/\/powiatwwl.pl\/index.php?rest_route=%2Fwp%2Fv2%2Fcategories&post=3037"},{"taxonomy":"post_tag","embeddable":true,"href":"https:\/\/powiatwwl.pl\/index.php?rest_route=%2Fwp%2Fv2%2Ftags&post=3037"}],"curies":[{"name":"wp","href":"https:\/\/api.w.org\/{rel}","templated":true}]}}