{"id":3040,"date":"2026-04-22T14:01:51","date_gmt":"2026-04-22T12:01:51","guid":{"rendered":"https:\/\/powiatwwl.pl\/?p=3040"},"modified":"2026-04-22T14:01:52","modified_gmt":"2026-04-22T12:01:52","slug":"najlepszego-najlepszy-z-najlepszych-video","status":"publish","type":"post","link":"https:\/\/powiatwwl.pl\/?p=3040","title":{"rendered":"Najlepszego &#8222;NAJLEPSZY z NAJLEPSZYCH&#8221; \/VIDEO\/"},"content":{"rendered":"\n<figure class=\"wp-block-image size-large\"><img loading=\"lazy\" decoding=\"async\" width=\"1024\" height=\"576\" src=\"https:\/\/powiatwwl.pl\/wp-content\/uploads\/2026\/04\/z32000273IERDonald-Tusk-z-zona-Malgorzata-1024x576.jpg\" alt=\"\" class=\"wp-image-3041\" srcset=\"https:\/\/powiatwwl.pl\/wp-content\/uploads\/2026\/04\/z32000273IERDonald-Tusk-z-zona-Malgorzata-1024x576.jpg 1024w, https:\/\/powiatwwl.pl\/wp-content\/uploads\/2026\/04\/z32000273IERDonald-Tusk-z-zona-Malgorzata-300x169.jpg 300w, https:\/\/powiatwwl.pl\/wp-content\/uploads\/2026\/04\/z32000273IERDonald-Tusk-z-zona-Malgorzata-768x432.jpg 768w, https:\/\/powiatwwl.pl\/wp-content\/uploads\/2026\/04\/z32000273IERDonald-Tusk-z-zona-Malgorzata.jpg 1536w\" sizes=\"auto, (max-width: 1024px) 100vw, 1024px\" \/><\/figure>\n\n\n\n<p>Dzisiaj swoje 69 urodziny obchodzi Premier RP Donald TUSK &#8222;Najlepszy z Najlepszych&#8221;. Zdrowia, Wytrwa\u0142o\u015bci i niech si\u0119 Pana i nasze marzenia spe\u0142niaj\u0105. Szacunek i Podzi\u0119kowania Panie Premierze.<\/p>\n\n\n\n<hr class=\"wp-block-separator aligncenter has-alpha-channel-opacity\"\/>\n\n\n<div class=\"wp-block-image\">\n<figure class=\"alignleft size-large is-resized\"><img loading=\"lazy\" decoding=\"async\" width=\"743\" height=\"1024\" src=\"https:\/\/powiatwwl.pl\/wp-content\/uploads\/2026\/04\/Donald_Tusk_cropped-743x1024.jpg\" alt=\"\" class=\"wp-image-2653\" style=\"aspect-ratio:0.7255928220465713;width:109px;height:auto\" srcset=\"https:\/\/powiatwwl.pl\/wp-content\/uploads\/2026\/04\/Donald_Tusk_cropped-743x1024.jpg 743w, https:\/\/powiatwwl.pl\/wp-content\/uploads\/2026\/04\/Donald_Tusk_cropped-218x300.jpg 218w, https:\/\/powiatwwl.pl\/wp-content\/uploads\/2026\/04\/Donald_Tusk_cropped-768x1058.jpg 768w, https:\/\/powiatwwl.pl\/wp-content\/uploads\/2026\/04\/Donald_Tusk_cropped-1115x1536.jpg 1115w, https:\/\/powiatwwl.pl\/wp-content\/uploads\/2026\/04\/Donald_Tusk_cropped.jpg 1236w\" sizes=\"auto, (max-width: 743px) 100vw, 743px\" \/><\/figure>\n<\/div>\n\n\n<h2 class=\"wp-block-heading\"><strong><a href=\"https:\/\/www.facebook.com\/reel\/1339842417987813\">Donald TUSK VIDEO<\/a><\/strong><\/h2>\n\n\n\n<p><\/p>\n","protected":false},"excerpt":{"rendered":"<p>Dzisiaj swoje 69 urodziny obchodzi Premier RP Donald TUSK &#8222;Najlepszy z Najlepszych&#8221;. Zdrowia, Wytrwa\u0142o\u015bci i niech si\u0119 Pana i nasze marzenia spe\u0142niaj\u0105. Szacunek i Podzi\u0119kowania Panie Premierze.<\/p>\n","protected":false},"author":1,"featured_media":3041,"comment_status":"open","ping_status":"open","sticky":false,"template":"","format":"standard","meta":{"footnotes":""},"categories":[1],"tags":[],"class_list":["post-3040","post","type-post","status-publish","format-standard","has-post-thumbnail","hentry","category-aktualnosci"],"_links":{"self":[{"href":"https:\/\/powiatwwl.pl\/index.php?rest_route=\/wp\/v2\/posts\/3040","targetHints":{"allow":["GET"]}}],"collection":[{"href":"https:\/\/powiatwwl.pl\/index.php?rest_route=\/wp\/v2\/posts"}],"about":[{"href":"https:\/\/powiatwwl.pl\/index.php?rest_route=\/wp\/v2\/types\/post"}],"author":[{"embeddable":true,"href":"https:\/\/powiatwwl.pl\/index.php?rest_route=\/wp\/v2\/users\/1"}],"replies":[{"embeddable":true,"href":"https:\/\/powiatwwl.pl\/index.php?rest_route=%2Fwp%2Fv2%2Fcomments&post=3040"}],"version-history":[{"count":1,"href":"https:\/\/powiatwwl.pl\/index.php?rest_route=\/wp\/v2\/posts\/3040\/revisions"}],"predecessor-version":[{"id":3042,"href":"https:\/\/powiatwwl.pl\/index.php?rest_route=\/wp\/v2\/posts\/3040\/revisions\/3042"}],"wp:featuredmedia":[{"embeddable":true,"href":"https:\/\/powiatwwl.pl\/index.php?rest_route=\/wp\/v2\/media\/3041"}],"wp:attachment":[{"href":"https:\/\/powiatwwl.pl\/index.php?rest_route=%2Fwp%2Fv2%2Fmedia&parent=3040"}],"wp:term":[{"taxonomy":"category","embeddable":true,"href":"https:\/\/powiatwwl.pl\/index.php?rest_route=%2Fwp%2Fv2%2Fcategories&post=3040"},{"taxonomy":"post_tag","embeddable":true,"href":"https:\/\/powiatwwl.pl\/index.php?rest_route=%2Fwp%2Fv2%2Ftags&post=3040"}],"curies":[{"name":"wp","href":"https:\/\/api.w.org\/{rel}","templated":true}]}}