{"id":3043,"date":"2026-04-22T14:40:32","date_gmt":"2026-04-22T12:40:32","guid":{"rendered":"https:\/\/powiatwwl.pl\/?p=3043"},"modified":"2026-04-22T14:40:33","modified_gmt":"2026-04-22T12:40:33","slug":"mistrzowska-feta-w-markach","status":"publish","type":"post","link":"https:\/\/powiatwwl.pl\/?p=3043","title":{"rendered":"Mistrzowska feta w Markach"},"content":{"rendered":"<div class=\"wp-block-image\">\n<figure class=\"aligncenter size-full\"><img loading=\"lazy\" decoding=\"async\" width=\"508\" height=\"720\" src=\"https:\/\/powiatwwl.pl\/wp-content\/uploads\/2026\/04\/678100016_1799476758068550_3309027993218926886_n.jpg\" alt=\"\" class=\"wp-image-3044\" srcset=\"https:\/\/powiatwwl.pl\/wp-content\/uploads\/2026\/04\/678100016_1799476758068550_3309027993218926886_n.jpg 508w, https:\/\/powiatwwl.pl\/wp-content\/uploads\/2026\/04\/678100016_1799476758068550_3309027993218926886_n-212x300.jpg 212w\" sizes=\"auto, (max-width: 508px) 100vw, 508px\" \/><\/figure>\n<\/div>\n\n\n<p>OSTATNI MECZ SEZONU  i MISTRZOWSKA FETA!, 25.04.2026 godzina 17:00, MCER Marki. Start atrakcji ju\u017c od 15:00. \u015awi\u0119tujemy awans i wielki sukces naszej dru\u017cyny! Czekaj\u0105 na Was emocje, konkursy, strefa dla dzieci, foodtrucki i wiele wi\u0119cej! Wst\u0119p wolny! Zabierz rodzin\u0119 i znajomych!. Zape\u0142nijmy hal\u0119 i zako\u0144czmy sezon razem! Do zobaczenia!<\/p>\n\n\n\n<hr class=\"wp-block-separator aligncenter has-alpha-channel-opacity\"\/>\n\n\n<div class=\"wp-block-image\">\n<figure class=\"alignleft size-full is-resized\"><img loading=\"lazy\" decoding=\"async\" width=\"500\" height=\"500\" src=\"https:\/\/powiatwwl.pl\/wp-content\/uploads\/2026\/02\/277779969_647097359973168_4131644390357408655_n.jpg\" alt=\"\" class=\"wp-image-1079\" style=\"width:107px;height:auto\" srcset=\"https:\/\/powiatwwl.pl\/wp-content\/uploads\/2026\/02\/277779969_647097359973168_4131644390357408655_n.jpg 500w, https:\/\/powiatwwl.pl\/wp-content\/uploads\/2026\/02\/277779969_647097359973168_4131644390357408655_n-300x300.jpg 300w, https:\/\/powiatwwl.pl\/wp-content\/uploads\/2026\/02\/277779969_647097359973168_4131644390357408655_n-150x150.jpg 150w, https:\/\/powiatwwl.pl\/wp-content\/uploads\/2026\/02\/277779969_647097359973168_4131644390357408655_n-80x80.jpg 80w, https:\/\/powiatwwl.pl\/wp-content\/uploads\/2026\/02\/277779969_647097359973168_4131644390357408655_n-320x320.jpg 320w\" sizes=\"auto, (max-width: 500px) 100vw, 500px\" \/><\/figure>\n<\/div>\n\n\n<h2 class=\"wp-block-heading\"><strong><a href=\"https:\/\/www.facebook.com\/kprrokis\">ROKiS Radzymin MARCOVIA Marki<\/a><\/strong><\/h2>\n\n\n\n<p><\/p>\n","protected":false},"excerpt":{"rendered":"<p>OSTATNI MECZ SEZONU  i MISTRZOWSKA FETA!, 25.04.2026 godzina 17:00, MCER Marki. Start atrakcji ju\u017c od 15:00. \u015awi\u0119tujemy awans i wielki sukces naszej dru\u017cyny! Czekaj\u0105 na Was emocje, konkursy, strefa dla dzieci, foodtrucki i wiele wi\u0119cej! Wst\u0119p wolny! Zabierz rodzin\u0119 i znajomych!. Zape\u0142nijmy hal\u0119 i zako\u0144czmy sezon razem! Do zobaczenia!<\/p>\n","protected":false},"author":1,"featured_media":3044,"comment_status":"open","ping_status":"open","sticky":false,"template":"","format":"standard","meta":{"footnotes":""},"categories":[1],"tags":[],"class_list":["post-3043","post","type-post","status-publish","format-standard","has-post-thumbnail","hentry","category-aktualnosci"],"_links":{"self":[{"href":"https:\/\/powiatwwl.pl\/index.php?rest_route=\/wp\/v2\/posts\/3043","targetHints":{"allow":["GET"]}}],"collection":[{"href":"https:\/\/powiatwwl.pl\/index.php?rest_route=\/wp\/v2\/posts"}],"about":[{"href":"https:\/\/powiatwwl.pl\/index.php?rest_route=\/wp\/v2\/types\/post"}],"author":[{"embeddable":true,"href":"https:\/\/powiatwwl.pl\/index.php?rest_route=\/wp\/v2\/users\/1"}],"replies":[{"embeddable":true,"href":"https:\/\/powiatwwl.pl\/index.php?rest_route=%2Fwp%2Fv2%2Fcomments&post=3043"}],"version-history":[{"count":1,"href":"https:\/\/powiatwwl.pl\/index.php?rest_route=\/wp\/v2\/posts\/3043\/revisions"}],"predecessor-version":[{"id":3045,"href":"https:\/\/powiatwwl.pl\/index.php?rest_route=\/wp\/v2\/posts\/3043\/revisions\/3045"}],"wp:featuredmedia":[{"embeddable":true,"href":"https:\/\/powiatwwl.pl\/index.php?rest_route=\/wp\/v2\/media\/3044"}],"wp:attachment":[{"href":"https:\/\/powiatwwl.pl\/index.php?rest_route=%2Fwp%2Fv2%2Fmedia&parent=3043"}],"wp:term":[{"taxonomy":"category","embeddable":true,"href":"https:\/\/powiatwwl.pl\/index.php?rest_route=%2Fwp%2Fv2%2Fcategories&post=3043"},{"taxonomy":"post_tag","embeddable":true,"href":"https:\/\/powiatwwl.pl\/index.php?rest_route=%2Fwp%2Fv2%2Ftags&post=3043"}],"curies":[{"name":"wp","href":"https:\/\/api.w.org\/{rel}","templated":true}]}}