{"id":3046,"date":"2026-04-22T15:27:01","date_gmt":"2026-04-22T13:27:01","guid":{"rendered":"https:\/\/powiatwwl.pl\/?p=3046"},"modified":"2026-04-22T15:27:02","modified_gmt":"2026-04-22T13:27:02","slug":"15-mln-zl-na-dzienne-domy-pobytu-na-mazowszu","status":"publish","type":"post","link":"https:\/\/powiatwwl.pl\/?p=3046","title":{"rendered":"15 mln. z\u0142 na Dzienne Domy Pobytu na Mazowszu"},"content":{"rendered":"<div class=\"wp-block-image\">\n<figure class=\"aligncenter size-large is-resized\"><img loading=\"lazy\" decoding=\"async\" width=\"773\" height=\"1024\" src=\"https:\/\/powiatwwl.pl\/wp-content\/uploads\/2026\/04\/678989549_122216036246372847_6168898279061272480_n-773x1024.jpg\" alt=\"\" class=\"wp-image-3048\" style=\"aspect-ratio:0.7548905911435285;width:425px;height:auto\" srcset=\"https:\/\/powiatwwl.pl\/wp-content\/uploads\/2026\/04\/678989549_122216036246372847_6168898279061272480_n-773x1024.jpg 773w, https:\/\/powiatwwl.pl\/wp-content\/uploads\/2026\/04\/678989549_122216036246372847_6168898279061272480_n-227x300.jpg 227w, https:\/\/powiatwwl.pl\/wp-content\/uploads\/2026\/04\/678989549_122216036246372847_6168898279061272480_n-768x1017.jpg 768w, https:\/\/powiatwwl.pl\/wp-content\/uploads\/2026\/04\/678989549_122216036246372847_6168898279061272480_n-1160x1536.jpg 1160w, https:\/\/powiatwwl.pl\/wp-content\/uploads\/2026\/04\/678989549_122216036246372847_6168898279061272480_n.jpg 1208w\" sizes=\"auto, (max-width: 773px) 100vw, 773px\" \/><\/figure>\n<\/div>\n\n\n<p>Dzisiaj w Z\u0105bkach na terenie <a href=\"https:\/\/www.facebook.com\/szpitaldrewnica?__cft__[0]=AZb-3qwhauOQS5BbvYBj3jr2PYaxF3Zrh7hJiFL-et37L7LlOC-nmEZFKBJrUL2a3MhVBdm7Dp7XeooVhwMlkOOg4xre41siJE74DxsxkgQeKPkYhNvAg8JgYeBwyWeUDdcLu19Ou4_3X-cYGRThSBEMg51qI5N2mgxSZjPwHEbDtM5XrlkUVb6BfiT95fDksehnkz4rpADwGVV0INr2AaPL&amp;__tn__=-]K-R\">Mazowiecki Szpital Wojew\u00f3dzki Drewnica<\/a> z wielk\u0105 przyjemno\u015bci\u0105, jako przedstawiciel Zarz\u0105du <a href=\"https:\/\/www.facebook.com\/Powiat.Wolominski?__cft__[0]=AZb-3qwhauOQS5BbvYBj3jr2PYaxF3Zrh7hJiFL-et37L7LlOC-nmEZFKBJrUL2a3MhVBdm7Dp7XeooVhwMlkOOg4xre41siJE74DxsxkgQeKPkYhNvAg8JgYeBwyWeUDdcLu19Ou4_3X-cYGRThSBEMg51qI5N2mgxSZjPwHEbDtM5XrlkUVb6BfiT95fDksehnkz4rpADwGVV0INr2AaPL&amp;__tn__=-]K-R\">Powiat Wo\u0142omi\u0144ski<\/a>ego, uczestniczy\u0142em w uroczystym podpisaniu um\u00f3w z Wojew\u00f3dztwem Mazowieckim m.in. na prowadzenie Dziennych Dom\u00f3w Pobytu dla os\u00f3b z chorobami ot\u0119piennymi. Celem takich plac\u00f3wek jest d\u0105\u017cenie do poprawy jako\u015bci \u017cycia os\u00f3b dotkni\u0119tych zespo\u0142ami ot\u0119piennymi, wyd\u0142u\u017cenie czasu ich aktywno\u015bci psychicznej i fizycznej, polepszenie funkcji poznawczych, a tak\u017ce wsparcie i pomoc opiekunom os\u00f3b chorych. Na niniejsze dzia\u0142ania samorz\u0105d Wojew\u00f3dztwa przeznaczy\u0142 15 mln z\u0142.<strong>\/Tomasz KALATA\/<\/strong><\/p>\n\n\n\n<hr class=\"wp-block-separator aligncenter has-alpha-channel-opacity\"\/>\n\n\n<div class=\"wp-block-image\">\n<figure class=\"alignleft size-large is-resized\"><img loading=\"lazy\" decoding=\"async\" width=\"1024\" height=\"1024\" src=\"https:\/\/powiatwwl.pl\/wp-content\/uploads\/2026\/04\/piotrektv-1024x1024.jpg\" alt=\"\" class=\"wp-image-3047\" style=\"width:111px;height:auto\" srcset=\"https:\/\/powiatwwl.pl\/wp-content\/uploads\/2026\/04\/piotrektv-1024x1024.jpg 1024w, https:\/\/powiatwwl.pl\/wp-content\/uploads\/2026\/04\/piotrektv-300x300.jpg 300w, https:\/\/powiatwwl.pl\/wp-content\/uploads\/2026\/04\/piotrektv-150x150.jpg 150w, https:\/\/powiatwwl.pl\/wp-content\/uploads\/2026\/04\/piotrektv-768x768.jpg 768w, https:\/\/powiatwwl.pl\/wp-content\/uploads\/2026\/04\/piotrektv-1536x1536.jpg 1536w, https:\/\/powiatwwl.pl\/wp-content\/uploads\/2026\/04\/piotrektv-80x80.jpg 80w, https:\/\/powiatwwl.pl\/wp-content\/uploads\/2026\/04\/piotrektv-320x320.jpg 320w, https:\/\/powiatwwl.pl\/wp-content\/uploads\/2026\/04\/piotrektv.jpg 2048w\" sizes=\"auto, (max-width: 1024px) 100vw, 1024px\" \/><\/figure>\n<\/div>\n\n\n<h2 class=\"wp-block-heading\"><strong><a href=\"https:\/\/www.facebook.com\/profile.php?id=61561185435479\">Tomasz KALATA<\/a><\/strong><\/h2>\n\n\n\n<p><\/p>\n","protected":false},"excerpt":{"rendered":"<p>Dzisiaj w Z\u0105bkach na terenie Mazowiecki Szpital Wojew\u00f3dzki Drewnica z wielk\u0105 przyjemno\u015bci\u0105, jako przedstawiciel Zarz\u0105du Powiat Wo\u0142omi\u0144skiego, uczestniczy\u0142em w uroczystym podpisaniu um\u00f3w z Wojew\u00f3dztwem Mazowieckim m.in. na prowadzenie Dziennych Dom\u00f3w Pobytu dla os\u00f3b z chorobami ot\u0119piennymi. Celem takich plac\u00f3wek jest d\u0105\u017cenie do poprawy jako\u015bci \u017cycia os\u00f3b dotkni\u0119tych zespo\u0142ami ot\u0119piennymi, wyd\u0142u\u017cenie czasu ich aktywno\u015bci psychicznej i fizycznej, polepszenie funkcji poznawczych, a tak\u017ce wsparcie i pomoc opiekunom os\u00f3b chorych. Na niniejsze dzia\u0142ania samorz\u0105d Wojew\u00f3dztwa przeznaczy\u0142 15 mln z\u0142.\/Tomasz KALATA\/<\/p>\n","protected":false},"author":1,"featured_media":3049,"comment_status":"open","ping_status":"open","sticky":false,"template":"","format":"standard","meta":{"footnotes":""},"categories":[1],"tags":[],"class_list":["post-3046","post","type-post","status-publish","format-standard","has-post-thumbnail","hentry","category-aktualnosci"],"_links":{"self":[{"href":"https:\/\/powiatwwl.pl\/index.php?rest_route=\/wp\/v2\/posts\/3046","targetHints":{"allow":["GET"]}}],"collection":[{"href":"https:\/\/powiatwwl.pl\/index.php?rest_route=\/wp\/v2\/posts"}],"about":[{"href":"https:\/\/powiatwwl.pl\/index.php?rest_route=\/wp\/v2\/types\/post"}],"author":[{"embeddable":true,"href":"https:\/\/powiatwwl.pl\/index.php?rest_route=\/wp\/v2\/users\/1"}],"replies":[{"embeddable":true,"href":"https:\/\/powiatwwl.pl\/index.php?rest_route=%2Fwp%2Fv2%2Fcomments&post=3046"}],"version-history":[{"count":1,"href":"https:\/\/powiatwwl.pl\/index.php?rest_route=\/wp\/v2\/posts\/3046\/revisions"}],"predecessor-version":[{"id":3050,"href":"https:\/\/powiatwwl.pl\/index.php?rest_route=\/wp\/v2\/posts\/3046\/revisions\/3050"}],"wp:featuredmedia":[{"embeddable":true,"href":"https:\/\/powiatwwl.pl\/index.php?rest_route=\/wp\/v2\/media\/3049"}],"wp:attachment":[{"href":"https:\/\/powiatwwl.pl\/index.php?rest_route=%2Fwp%2Fv2%2Fmedia&parent=3046"}],"wp:term":[{"taxonomy":"category","embeddable":true,"href":"https:\/\/powiatwwl.pl\/index.php?rest_route=%2Fwp%2Fv2%2Fcategories&post=3046"},{"taxonomy":"post_tag","embeddable":true,"href":"https:\/\/powiatwwl.pl\/index.php?rest_route=%2Fwp%2Fv2%2Ftags&post=3046"}],"curies":[{"name":"wp","href":"https:\/\/api.w.org\/{rel}","templated":true}]}}