{"id":3051,"date":"2026-04-23T09:38:42","date_gmt":"2026-04-23T07:38:42","guid":{"rendered":"https:\/\/powiatwwl.pl\/?p=3051"},"modified":"2026-04-23T09:38:44","modified_gmt":"2026-04-23T07:38:44","slug":"osobowosc-2025-roku-violeta-boluk-soltys-ossowa-gratulacje","status":"publish","type":"post","link":"https:\/\/powiatwwl.pl\/?p=3051","title":{"rendered":"Osobowo\u015b\u0107 2025 roku -Violeta BOLUK So\u0142tys Ossowa GRATULACJE !"},"content":{"rendered":"<div class=\"wp-block-image\">\n<figure class=\"aligncenter size-large is-resized\"><img loading=\"lazy\" decoding=\"async\" width=\"1024\" height=\"768\" src=\"https:\/\/powiatwwl.pl\/wp-content\/uploads\/2026\/04\/675926635_122189018540675374_2912831206865089188_n-1024x768.jpg\" alt=\"\" class=\"wp-image-3052\" style=\"width:627px;height:auto\" srcset=\"https:\/\/powiatwwl.pl\/wp-content\/uploads\/2026\/04\/675926635_122189018540675374_2912831206865089188_n-1024x768.jpg 1024w, https:\/\/powiatwwl.pl\/wp-content\/uploads\/2026\/04\/675926635_122189018540675374_2912831206865089188_n-300x225.jpg 300w, https:\/\/powiatwwl.pl\/wp-content\/uploads\/2026\/04\/675926635_122189018540675374_2912831206865089188_n-768x576.jpg 768w, https:\/\/powiatwwl.pl\/wp-content\/uploads\/2026\/04\/675926635_122189018540675374_2912831206865089188_n-1536x1152.jpg 1536w, https:\/\/powiatwwl.pl\/wp-content\/uploads\/2026\/04\/675926635_122189018540675374_2912831206865089188_n.jpg 1600w\" sizes=\"auto, (max-width: 1024px) 100vw, 1024px\" \/><\/figure>\n<\/div>\n\n\n<p>Z wielk\u0105 przyjemno\u015bci\u0105 informujemy, \u017ce Pani <strong>Violeta BOLUK So\u0142tys OSSOWA <\/strong>zosta\u0142a wybrana Osobowo\u015bci\u0105 Mazowsza 2025 roku w Powiecie Wo\u0142omi\u0144skim w kategorii polityka, samorz\u0105dno\u015b\u0107 i spo\u0142eczno\u015b\u0107 lokalna. Ten tytu\u0142 jest jak najbardziej zas\u0142u\u017cony. To nagroda za niesamowity potencja\u0142 tw\u00f3rczy Pani Violetty, kt\u00f3ra potrafi\u0142a w spo\u0142eczno\u015bci lokalnej Ossowa, Gminy Wo\u0142omin i Powiatu Wo\u0142omi\u0144skiego wnie\u015b\u0107 niesamowit\u0105 energi\u0119, kt\u00f3ra uwolni\u0142a aktywno\u015b\u0107 spo\u0142eczn\u0105, kulturaln\u0105, patriotyczn\u0105 wielu naszych mieszka\u0144c\u00f3w. Osobowo\u015b\u0107 wielu fantastycznych pomys\u0142\u00f3w integruj\u0105ca wszystkie pokolenia mieszka\u0144c\u00f3w Powiatu Wo\u0142omi\u0144skiego. To min. dzi\u0119ki niej powsta\u0142o Ko\u0142o Gospody\u0144 Wiejskich &#8222;Ossowianki&#8221;, kt\u00f3rego dzia\u0142alno\u015b\u0107 pozna\u0142a ju\u017c ca\u0142a Polska. Gratulujemy Pani So\u0142tys i \u017cyczymy nies\u0142abn\u0105cej energii w dzia\u0142alno\u015bci spo\u0142ecznej i samorz\u0105dowej w naszej ma\u0142ej ojczy\u017anie.<\/p>\n\n\n\n<hr class=\"wp-block-separator has-alpha-channel-opacity\"\/>\n\n\n<div class=\"wp-block-image\">\n<figure class=\"alignleft size-full is-resized\"><img loading=\"lazy\" decoding=\"async\" width=\"720\" height=\"719\" src=\"https:\/\/powiatwwl.pl\/wp-content\/uploads\/2026\/04\/199008872_4016148018481974_3616859983171213557_n.jpg\" alt=\"\" class=\"wp-image-3053\" style=\"width:111px;height:auto\" srcset=\"https:\/\/powiatwwl.pl\/wp-content\/uploads\/2026\/04\/199008872_4016148018481974_3616859983171213557_n.jpg 720w, https:\/\/powiatwwl.pl\/wp-content\/uploads\/2026\/04\/199008872_4016148018481974_3616859983171213557_n-300x300.jpg 300w, https:\/\/powiatwwl.pl\/wp-content\/uploads\/2026\/04\/199008872_4016148018481974_3616859983171213557_n-150x150.jpg 150w, https:\/\/powiatwwl.pl\/wp-content\/uploads\/2026\/04\/199008872_4016148018481974_3616859983171213557_n-80x80.jpg 80w, https:\/\/powiatwwl.pl\/wp-content\/uploads\/2026\/04\/199008872_4016148018481974_3616859983171213557_n-320x320.jpg 320w\" sizes=\"auto, (max-width: 720px) 100vw, 720px\" \/><\/figure>\n<\/div>\n\n\n<h2 class=\"wp-block-heading\"><strong><a href=\"https:\/\/www.facebook.com\/violeta.boluk\">VIOLETA BOLUK<\/a><\/strong><\/h2>\n\n\n\n<p><\/p>\n","protected":false},"excerpt":{"rendered":"<p>Z wielk\u0105 przyjemno\u015bci\u0105 informujemy, \u017ce Pani Violeta BOLUK So\u0142tys OSSOWA zosta\u0142a wybrana Osobowo\u015bci\u0105 Mazowsza 2025 roku w Powiecie Wo\u0142omi\u0144skim w kategorii polityka, samorz\u0105dno\u015b\u0107 i spo\u0142eczno\u015b\u0107 lokalna. Ten tytu\u0142 jest jak najbardziej zas\u0142u\u017cony. To nagroda za niesamowity potencja\u0142 tw\u00f3rczy Pani Violetty, kt\u00f3ra potrafi\u0142a w spo\u0142eczno\u015bci lokalnej Ossowa, Gminy Wo\u0142omin i Powiatu Wo\u0142omi\u0144skiego wnie\u015b\u0107 niesamowit\u0105 energi\u0119, kt\u00f3ra uwolni\u0142a aktywno\u015b\u0107 spo\u0142eczn\u0105, kulturaln\u0105, patriotyczn\u0105 wielu naszych mieszka\u0144c\u00f3w. Osobowo\u015b\u0107 wielu fantastycznych pomys\u0142\u00f3w integruj\u0105ca wszystkie pokolenia mieszka\u0144c\u00f3w Powiatu Wo\u0142omi\u0144skiego&#8230;<\/p>\n","protected":false},"author":1,"featured_media":3054,"comment_status":"open","ping_status":"open","sticky":false,"template":"","format":"standard","meta":{"footnotes":""},"categories":[1],"tags":[],"class_list":["post-3051","post","type-post","status-publish","format-standard","has-post-thumbnail","hentry","category-aktualnosci"],"_links":{"self":[{"href":"https:\/\/powiatwwl.pl\/index.php?rest_route=\/wp\/v2\/posts\/3051","targetHints":{"allow":["GET"]}}],"collection":[{"href":"https:\/\/powiatwwl.pl\/index.php?rest_route=\/wp\/v2\/posts"}],"about":[{"href":"https:\/\/powiatwwl.pl\/index.php?rest_route=\/wp\/v2\/types\/post"}],"author":[{"embeddable":true,"href":"https:\/\/powiatwwl.pl\/index.php?rest_route=\/wp\/v2\/users\/1"}],"replies":[{"embeddable":true,"href":"https:\/\/powiatwwl.pl\/index.php?rest_route=%2Fwp%2Fv2%2Fcomments&post=3051"}],"version-history":[{"count":1,"href":"https:\/\/powiatwwl.pl\/index.php?rest_route=\/wp\/v2\/posts\/3051\/revisions"}],"predecessor-version":[{"id":3055,"href":"https:\/\/powiatwwl.pl\/index.php?rest_route=\/wp\/v2\/posts\/3051\/revisions\/3055"}],"wp:featuredmedia":[{"embeddable":true,"href":"https:\/\/powiatwwl.pl\/index.php?rest_route=\/wp\/v2\/media\/3054"}],"wp:attachment":[{"href":"https:\/\/powiatwwl.pl\/index.php?rest_route=%2Fwp%2Fv2%2Fmedia&parent=3051"}],"wp:term":[{"taxonomy":"category","embeddable":true,"href":"https:\/\/powiatwwl.pl\/index.php?rest_route=%2Fwp%2Fv2%2Fcategories&post=3051"},{"taxonomy":"post_tag","embeddable":true,"href":"https:\/\/powiatwwl.pl\/index.php?rest_route=%2Fwp%2Fv2%2Ftags&post=3051"}],"curies":[{"name":"wp","href":"https:\/\/api.w.org\/{rel}","templated":true}]}}