{"id":3056,"date":"2026-04-23T10:40:00","date_gmt":"2026-04-23T08:40:00","guid":{"rendered":"https:\/\/powiatwwl.pl\/?p=3056"},"modified":"2026-04-23T10:40:00","modified_gmt":"2026-04-23T08:40:00","slug":"xxv-sesja-rady-powiatu-wolominskiego-transmisja-live","status":"publish","type":"post","link":"https:\/\/powiatwwl.pl\/?p=3056","title":{"rendered":"XXV sesja Rady Powiatu Wo\u0142omi\u0144skiego \/Transmisja Live\/"},"content":{"rendered":"<div class=\"wp-block-image\">\n<figure class=\"aligncenter size-large is-resized\"><img loading=\"lazy\" decoding=\"async\" width=\"1024\" height=\"538\" src=\"https:\/\/powiatwwl.pl\/wp-content\/uploads\/2026\/04\/MAMY-1-1024x538.jpg\" alt=\"\" class=\"wp-image-3057\" style=\"width:713px;height:auto\" srcset=\"https:\/\/powiatwwl.pl\/wp-content\/uploads\/2026\/04\/MAMY-1-1024x538.jpg 1024w, https:\/\/powiatwwl.pl\/wp-content\/uploads\/2026\/04\/MAMY-1-300x158.jpg 300w, https:\/\/powiatwwl.pl\/wp-content\/uploads\/2026\/04\/MAMY-1-768x403.jpg 768w, https:\/\/powiatwwl.pl\/wp-content\/uploads\/2026\/04\/MAMY-1.jpg 1200w\" sizes=\"auto, (max-width: 1024px) 100vw, 1024px\" \/><\/figure>\n<\/div>\n\n\n<p>Zapraszamy do obejrzenia relacji na \u017cywo z XXV posiedzenia Rady Powiatu Wo\u0142omi\u0144skiego. Pocz\u0105tek obrad o godzinie 14.00 Relacja video poni\u017cej<\/p>\n\n\n\n<hr class=\"wp-block-separator has-alpha-channel-opacity\"\/>\n\n\n<div class=\"wp-block-image\">\n<figure class=\"alignleft size-large is-resized\"><img loading=\"lazy\" decoding=\"async\" width=\"1024\" height=\"538\" src=\"https:\/\/powiatwwl.pl\/wp-content\/uploads\/2026\/04\/MAMY-1-1024x538.jpg\" alt=\"\" class=\"wp-image-3057\" style=\"aspect-ratio:1.9047818134308858;width:112px;height:auto\" srcset=\"https:\/\/powiatwwl.pl\/wp-content\/uploads\/2026\/04\/MAMY-1-1024x538.jpg 1024w, https:\/\/powiatwwl.pl\/wp-content\/uploads\/2026\/04\/MAMY-1-300x158.jpg 300w, https:\/\/powiatwwl.pl\/wp-content\/uploads\/2026\/04\/MAMY-1-768x403.jpg 768w, https:\/\/powiatwwl.pl\/wp-content\/uploads\/2026\/04\/MAMY-1.jpg 1200w\" sizes=\"auto, (max-width: 1024px) 100vw, 1024px\" \/><\/figure>\n<\/div>\n\n\n<h2 class=\"wp-block-heading\"><strong><a href=\"https:\/\/radni.tv\/jednostka\/?id=22\">TRANSMISJA LIVE<\/a><\/strong><\/h2>\n\n\n\n<p><\/p>\n","protected":false},"excerpt":{"rendered":"<p>Zapraszamy do obejrzenia relacji na \u017cywo z XXV posiedzenia Rady Powiatu Wo\u0142omi\u0144skiego. Pocz\u0105tek obrad o godzinie 14.00 Relacja video poni\u017cej.<\/p>\n","protected":false},"author":1,"featured_media":3057,"comment_status":"open","ping_status":"open","sticky":false,"template":"","format":"standard","meta":{"footnotes":""},"categories":[1],"tags":[],"class_list":["post-3056","post","type-post","status-publish","format-standard","has-post-thumbnail","hentry","category-aktualnosci"],"_links":{"self":[{"href":"https:\/\/powiatwwl.pl\/index.php?rest_route=\/wp\/v2\/posts\/3056","targetHints":{"allow":["GET"]}}],"collection":[{"href":"https:\/\/powiatwwl.pl\/index.php?rest_route=\/wp\/v2\/posts"}],"about":[{"href":"https:\/\/powiatwwl.pl\/index.php?rest_route=\/wp\/v2\/types\/post"}],"author":[{"embeddable":true,"href":"https:\/\/powiatwwl.pl\/index.php?rest_route=\/wp\/v2\/users\/1"}],"replies":[{"embeddable":true,"href":"https:\/\/powiatwwl.pl\/index.php?rest_route=%2Fwp%2Fv2%2Fcomments&post=3056"}],"version-history":[{"count":1,"href":"https:\/\/powiatwwl.pl\/index.php?rest_route=\/wp\/v2\/posts\/3056\/revisions"}],"predecessor-version":[{"id":3058,"href":"https:\/\/powiatwwl.pl\/index.php?rest_route=\/wp\/v2\/posts\/3056\/revisions\/3058"}],"wp:featuredmedia":[{"embeddable":true,"href":"https:\/\/powiatwwl.pl\/index.php?rest_route=\/wp\/v2\/media\/3057"}],"wp:attachment":[{"href":"https:\/\/powiatwwl.pl\/index.php?rest_route=%2Fwp%2Fv2%2Fmedia&parent=3056"}],"wp:term":[{"taxonomy":"category","embeddable":true,"href":"https:\/\/powiatwwl.pl\/index.php?rest_route=%2Fwp%2Fv2%2Fcategories&post=3056"},{"taxonomy":"post_tag","embeddable":true,"href":"https:\/\/powiatwwl.pl\/index.php?rest_route=%2Fwp%2Fv2%2Ftags&post=3056"}],"curies":[{"name":"wp","href":"https:\/\/api.w.org\/{rel}","templated":true}]}}