{"id":3059,"date":"2026-04-23T10:10:24","date_gmt":"2026-04-23T08:10:24","guid":{"rendered":"https:\/\/powiatwwl.pl\/?p=3059"},"modified":"2026-04-23T10:10:25","modified_gmt":"2026-04-23T08:10:25","slug":"informacja-zarzadu-powiatu-wolominskiego-kwiecien-2026","status":"publish","type":"post","link":"https:\/\/powiatwwl.pl\/?p=3059","title":{"rendered":"Informacja Zarz\u0105du Powiatu Wo\u0142omi\u0144skiego \/kwiecie\u0144 2026\/"},"content":{"rendered":"<div class=\"wp-block-image\">\n<figure class=\"aligncenter size-full is-resized\"><img loading=\"lazy\" decoding=\"async\" width=\"810\" height=\"450\" src=\"https:\/\/powiatwwl.pl\/wp-content\/uploads\/2026\/04\/tk-1.jpg\" alt=\"\" class=\"wp-image-2804\" style=\"width:674px;height:auto\" srcset=\"https:\/\/powiatwwl.pl\/wp-content\/uploads\/2026\/04\/tk-1.jpg 810w, https:\/\/powiatwwl.pl\/wp-content\/uploads\/2026\/04\/tk-1-300x167.jpg 300w, https:\/\/powiatwwl.pl\/wp-content\/uploads\/2026\/04\/tk-1-768x427.jpg 768w\" sizes=\"auto, (max-width: 810px) 100vw, 810px\" \/><\/figure>\n<\/div>\n\n\n<p><strong>1. Zdecydowali\u015bmy<\/strong> o przekazaniu <a href=\"https:\/\/www.facebook.com\/Zabkimiasto?__cft__[0]=AZZuvonisunX7UDbAzWxum62JslryI_aatpoGLfKv_JID0OlDS66dIl6Jcl3nqi_YYr5M2fMzR3kTYvtlbuuFzGfxsecHK10qJAoE7NKGL7kQmbUNHcrwxypfFAE4qKBR4hoW2a0gczt3Gpq4NWSu0cOA3cO6g47dfgYC-I6LAFaUE3TRQdvnwklFhrwa7PwtJ2X12RSw5h_j2pFMR0jNKYP&amp;__tn__=-]K-R\">Miasto Z\u0105bki<\/a> zadania w zakresie projektu budowy prawoskr\u0119tu z ul. J\u00f3zefa Pi\u0142sudskiego na drog\u0119 gminn\u0105 ul. Powsta\u0144c\u00f3w w Z\u0105bkach oraz \u015brodki finansowe na ten cel w wysoko\u015bci 52 000 z\u0142; stosowny projekt uchwa\u0142y przeka\u017cemy na najbli\u017csz\u0105 Sesj\u0119 Rady Powiatu Wo\u0142omi\u0144skiego. <\/p>\n\n\n\n<p><strong>2. Zabezpieczyli\u015bmy<\/strong> \u015brodki finansowe w wysoko\u015bci 80 000 z\u0142 w zwi\u0105zku z planowan\u0105 organizacj\u0105 p\u00f3\u0142maratonu na trasie Oss\u00f3w-Radzymin w ramach obchod\u00f3w 106. rocznicy Bitwy Warszawskiej 1920 r. w Ossowie. Po latach wracamy do tej pi\u0119knej tradycji. <\/p>\n\n\n\n<p><strong>3. Pochylili\u015bmy si\u0119<\/strong> nad kwesti\u0105 \u015bredniej liczby dzieci i m\u0142odzie\u017cy obj\u0119tych pomoc\u0105 psychologiczno-pedagogiczn\u0105 w powiecie wo\u0142omi\u0144skim w przeliczeniu na jeden etat pedagoga. To istotny wska\u017anik, kt\u00f3ry pokazuje skal\u0119 obci\u0105\u017cenia specjalist\u00f3w oraz realn\u0105 dost\u0119pno\u015b\u0107 wsparcia dla uczni\u00f3w. Niezmiennie podejmujemy dzia\u0142ania maj\u0105ce na celu ograniczenie kolejek i skr\u00f3cenie czasu oczekiwania na pomoc, dlatego postanowili\u015bmy o zwi\u0119kszeniu zatrudnienia w <a href=\"https:\/\/www.facebook.com\/ppptluszcz?__cft__[0]=AZZuvonisunX7UDbAzWxum62JslryI_aatpoGLfKv_JID0OlDS66dIl6Jcl3nqi_YYr5M2fMzR3kTYvtlbuuFzGfxsecHK10qJAoE7NKGL7kQmbUNHcrwxypfFAE4qKBR4hoW2a0gczt3Gpq4NWSu0cOA3cO6g47dfgYC-I6LAFaUE3TRQdvnwklFhrwa7PwtJ2X12RSw5h_j2pFMR0jNKYP&amp;__tn__=-]K-R\">Poradnia Psychologiczno-Pedagogiczna w T\u0142uszczu<\/a> od wrze\u015bnia br. liczba etat\u00f3w wzro\u015bnie o 1 etat pracownika pedagogicznego oraz o 0,5 etatu pracownika administracyjnego w zwi\u0105zku z oddaniem do u\u017cytkowania nowych pomieszcze\u0144. To konkretne dzia\u0142anie, kt\u00f3re ma poprawi\u0107 dost\u0119pno\u015b\u0107 us\u0142ug oraz usprawni\u0107 organizacj\u0119 pracy plac\u00f3wki. W tej kadencji przeprowadzamy rzeczywist\u0105 reform\u0119 w ww. obszarze. <\/p>\n\n\n\n<p><strong>4. Postanowili\u015bmy <\/strong>o przyst\u0105pieniu do rz\u0105dowego programu wspierania organ\u00f3w prowadz\u0105cych szko\u0142y i plac\u00f3wki w rozwijaniu umiej\u0119tno\u015bci cyfrowych dzieci i m\u0142odzie\u017cy na lata 2025-2029 \u201eCyfrowy Ucze\u0144\u201d (nowe technologie, metody kszta\u0142cenia, wyposa\u017cenia uczni\u00f3w, nauczycieli i szk\u00f3\u0142), na ten cel zabezpieczymy \u015brodki finansowe z przeznaczeniem na wk\u0142ad w\u0142asny w wysoko\u015bci 315 000 z\u0142, przy czym szacowane dofinansowanie wynosi 1 260 000 z\u0142 <a href=\"https:\/\/www.facebook.com\/MinisterstwoCyfryzacji?__cft__[0]=AZZuvonisunX7UDbAzWxum62JslryI_aatpoGLfKv_JID0OlDS66dIl6Jcl3nqi_YYr5M2fMzR3kTYvtlbuuFzGfxsecHK10qJAoE7NKGL7kQmbUNHcrwxypfFAE4qKBR4hoW2a0gczt3Gpq4NWSu0cOA3cO6g47dfgYC-I6LAFaUE3TRQdvnwklFhrwa7PwtJ2X12RSw5h_j2pFMR0jNKYP&amp;__tn__=-]K-R\">Ministerstwo Cyfryzacji<\/a><\/p>\n\n\n\n<p><strong>5. Podj\u0119li\u015bmy<\/strong> uchwa\u0142\u0119 w sprawie Regulaminu Organizacyjnego Domu Pomocy Spo\u0142ecznej w Radzyminie<\/p>\n\n\n\n<hr class=\"wp-block-separator aligncenter has-alpha-channel-opacity\"\/>\n\n\n<div class=\"wp-block-image\">\n<figure class=\"alignleft size-large is-resized\"><img loading=\"lazy\" decoding=\"async\" width=\"1024\" height=\"1024\" src=\"https:\/\/powiatwwl.pl\/wp-content\/uploads\/2026\/03\/PW-logo12-Zdjecie-profilowe-na-Facebooka-1-1-1024x1024.jpg\" alt=\"\" class=\"wp-image-1847\" style=\"width:110px;height:auto\" srcset=\"https:\/\/powiatwwl.pl\/wp-content\/uploads\/2026\/03\/PW-logo12-Zdjecie-profilowe-na-Facebooka-1-1-1024x1024.jpg 1024w, https:\/\/powiatwwl.pl\/wp-content\/uploads\/2026\/03\/PW-logo12-Zdjecie-profilowe-na-Facebooka-1-1-300x300.jpg 300w, https:\/\/powiatwwl.pl\/wp-content\/uploads\/2026\/03\/PW-logo12-Zdjecie-profilowe-na-Facebooka-1-1-150x150.jpg 150w, https:\/\/powiatwwl.pl\/wp-content\/uploads\/2026\/03\/PW-logo12-Zdjecie-profilowe-na-Facebooka-1-1-768x768.jpg 768w, https:\/\/powiatwwl.pl\/wp-content\/uploads\/2026\/03\/PW-logo12-Zdjecie-profilowe-na-Facebooka-1-1-1536x1536.jpg 1536w, https:\/\/powiatwwl.pl\/wp-content\/uploads\/2026\/03\/PW-logo12-Zdjecie-profilowe-na-Facebooka-1-1-80x80.jpg 80w, https:\/\/powiatwwl.pl\/wp-content\/uploads\/2026\/03\/PW-logo12-Zdjecie-profilowe-na-Facebooka-1-1-320x320.jpg 320w, https:\/\/powiatwwl.pl\/wp-content\/uploads\/2026\/03\/PW-logo12-Zdjecie-profilowe-na-Facebooka-1-1.jpg 2048w\" sizes=\"auto, (max-width: 1024px) 100vw, 1024px\" \/><\/figure>\n<\/div>\n\n\n<h2 class=\"wp-block-heading\"><strong><a href=\"https:\/\/www.facebook.com\/starostaWerelich\">Arkadiusz WERELICH<\/a><\/strong><\/h2>\n","protected":false},"excerpt":{"rendered":"<p>1. Zdecydowali\u015bmy o przekazaniu Miasto Z\u0105bki zadania w zakresie projektu budowy prawoskr\u0119tu z ul. J\u00f3zefa Pi\u0142sudskiego na drog\u0119 gminn\u0105 ul. Powsta\u0144c\u00f3w w Z\u0105bkach oraz \u015brodki finansowe na ten cel w wysoko\u015bci 52 000 z\u0142; stosowny projekt uchwa\u0142y przeka\u017cemy na najbli\u017csz\u0105 Sesj\u0119 Rady Powiatu Wo\u0142omi\u0144skiego.<br \/>\n2. Zabezpieczyli\u015bmy \u015brodki finansowe w wysoko\u015bci 80 000 z\u0142 w zwi\u0105zku z planowan\u0105 organizacj\u0105 p\u00f3\u0142maratonu na trasie Oss\u00f3w-Radzymin w ramach obchod\u00f3w 106. rocznicy Bitwy Warszawskiej 1920 r. w Ossowie. Po latach wracamy do tej pi\u0119knej tradycji.<\/p>\n","protected":false},"author":1,"featured_media":2804,"comment_status":"open","ping_status":"open","sticky":false,"template":"","format":"standard","meta":{"footnotes":""},"categories":[1],"tags":[],"class_list":["post-3059","post","type-post","status-publish","format-standard","has-post-thumbnail","hentry","category-aktualnosci"],"_links":{"self":[{"href":"https:\/\/powiatwwl.pl\/index.php?rest_route=\/wp\/v2\/posts\/3059","targetHints":{"allow":["GET"]}}],"collection":[{"href":"https:\/\/powiatwwl.pl\/index.php?rest_route=\/wp\/v2\/posts"}],"about":[{"href":"https:\/\/powiatwwl.pl\/index.php?rest_route=\/wp\/v2\/types\/post"}],"author":[{"embeddable":true,"href":"https:\/\/powiatwwl.pl\/index.php?rest_route=\/wp\/v2\/users\/1"}],"replies":[{"embeddable":true,"href":"https:\/\/powiatwwl.pl\/index.php?rest_route=%2Fwp%2Fv2%2Fcomments&post=3059"}],"version-history":[{"count":1,"href":"https:\/\/powiatwwl.pl\/index.php?rest_route=\/wp\/v2\/posts\/3059\/revisions"}],"predecessor-version":[{"id":3060,"href":"https:\/\/powiatwwl.pl\/index.php?rest_route=\/wp\/v2\/posts\/3059\/revisions\/3060"}],"wp:featuredmedia":[{"embeddable":true,"href":"https:\/\/powiatwwl.pl\/index.php?rest_route=\/wp\/v2\/media\/2804"}],"wp:attachment":[{"href":"https:\/\/powiatwwl.pl\/index.php?rest_route=%2Fwp%2Fv2%2Fmedia&parent=3059"}],"wp:term":[{"taxonomy":"category","embeddable":true,"href":"https:\/\/powiatwwl.pl\/index.php?rest_route=%2Fwp%2Fv2%2Fcategories&post=3059"},{"taxonomy":"post_tag","embeddable":true,"href":"https:\/\/powiatwwl.pl\/index.php?rest_route=%2Fwp%2Fv2%2Ftags&post=3059"}],"curies":[{"name":"wp","href":"https:\/\/api.w.org\/{rel}","templated":true}]}}