{"id":3061,"date":"2026-04-23T10:39:20","date_gmt":"2026-04-23T08:39:20","guid":{"rendered":"https:\/\/powiatwwl.pl\/?p=3061"},"modified":"2026-04-23T10:39:23","modified_gmt":"2026-04-23T08:39:23","slug":"szpitalny-serial-odcinek-11-oddzial-chorob-wewnetrznych-i-i-ii-odcinek-12-oddzial-chorob-wewnetrznych-i-nefrologii-video","status":"publish","type":"post","link":"https:\/\/powiatwwl.pl\/?p=3061","title":{"rendered":"Szpitalny Serial. Odcinek 11 \u2013 Oddzia\u0142 Chor\u00f3b Wewn\u0119trznych I i II. Odcinek 12 \u2013 Oddzia\u0142 Chor\u00f3b Wewn\u0119trznych i Nefrologii. \/VIDEO\/"},"content":{"rendered":"<div class=\"wp-block-image\">\n<figure class=\"aligncenter size-large is-resized\"><img loading=\"lazy\" decoding=\"async\" width=\"1024\" height=\"576\" src=\"https:\/\/powiatwwl.pl\/wp-content\/uploads\/2026\/04\/Dodaj-podtytul-3-1024x576.jpg\" alt=\"\" class=\"wp-image-2755\" style=\"width:635px;height:auto\" srcset=\"https:\/\/powiatwwl.pl\/wp-content\/uploads\/2026\/04\/Dodaj-podtytul-3-1024x576.jpg 1024w, https:\/\/powiatwwl.pl\/wp-content\/uploads\/2026\/04\/Dodaj-podtytul-3-300x169.jpg 300w, https:\/\/powiatwwl.pl\/wp-content\/uploads\/2026\/04\/Dodaj-podtytul-3-768x432.jpg 768w, https:\/\/powiatwwl.pl\/wp-content\/uploads\/2026\/04\/Dodaj-podtytul-3.jpg 1280w\" sizes=\"auto, (max-width: 1024px) 100vw, 1024px\" \/><\/figure>\n<\/div>\n\n\n<p>Odcinek 11 \u2013 Oddzia\u0142 Chor\u00f3b Wewn\u0119trznych I i II. To miejsce, gdzie wiedza i do\u015bwiadczenie zespo\u0142u \u0142\u0105cz\u0105 si\u0119 z nowoczesn\u0105 diagnostyk\u0105, pozwalaj\u0105c na codzienne mierzenie si\u0119 z leczeniem szerokiego spektrum schorze\u0144 wewn\u0119trznych. To tutaj interdyscyplinarny zesp\u00f3\u0142 specjalist\u00f3w patrzy na zdrowie pacjenta ca\u0142o\u015bciowo, zapewniaj\u0105c kompleksow\u0105 opiek\u0119, kt\u00f3ra wykracza poza ramy jednej specjalizacji. Kompetencje zespo\u0142u oraz troska o zdrowie s\u0105 fundamentem opieki i bezpiecze\u0144stwa. <\/p>\n\n\n\n<p>Odcinek 12 \u2013 Oddzia\u0142 Chor\u00f3b Wewn\u0119trznych i Nefrologii. To tutaj praca zespo\u0142u \u0142\u0105czy wiedz\u0119 i do\u015bwiadczenie z zakresu chor\u00f3b wewn\u0119trznych z w\u0105sk\u0105 specjalizacj\u0105 nefrologiczn\u0105, pozwalaj\u0105c\u0105 na precyzyjne leczenie schorze\u0144 nerek i nadci\u015bnienia t\u0119tniczego. Wsp\u00f3\u0142praca i dzia\u0142anie, by zapewni\u0107 pacjentom opiek\u0119 w trudnych zdrowotnych sytuacjach. Wiele Zespo\u0142\u00f3w. Jeden Organizm. Medyczna Ca\u0142o\u015b\u0107!<\/p>\n\n\n\n<hr class=\"wp-block-separator aligncenter has-alpha-channel-opacity\"\/>\n\n\n<div class=\"wp-block-image\">\n<figure class=\"alignleft size-large is-resized\"><img loading=\"lazy\" decoding=\"async\" width=\"1024\" height=\"576\" src=\"https:\/\/powiatwwl.pl\/wp-content\/uploads\/2026\/04\/Dodaj-podtytul-3-1024x576.jpg\" alt=\"\" class=\"wp-image-2755\" style=\"width:111px;height:auto\" srcset=\"https:\/\/powiatwwl.pl\/wp-content\/uploads\/2026\/04\/Dodaj-podtytul-3-1024x576.jpg 1024w, https:\/\/powiatwwl.pl\/wp-content\/uploads\/2026\/04\/Dodaj-podtytul-3-300x169.jpg 300w, https:\/\/powiatwwl.pl\/wp-content\/uploads\/2026\/04\/Dodaj-podtytul-3-768x432.jpg 768w, https:\/\/powiatwwl.pl\/wp-content\/uploads\/2026\/04\/Dodaj-podtytul-3.jpg 1280w\" sizes=\"auto, (max-width: 1024px) 100vw, 1024px\" \/><\/figure>\n<\/div>\n\n\n<h2 class=\"wp-block-heading\"><strong><a href=\"https:\/\/www.facebook.com\/reel\/941061642145663\">Odcinek 11 \u2013 Oddzia\u0142 Chor\u00f3b Wewn\u0119trznych I i II. VIDEO<\/a><\/strong><\/h2>\n\n\n\n<hr class=\"wp-block-separator aligncenter has-alpha-channel-opacity\"\/>\n\n\n<div class=\"wp-block-image\">\n<figure class=\"alignleft size-large is-resized\"><img loading=\"lazy\" decoding=\"async\" width=\"1024\" height=\"576\" src=\"https:\/\/powiatwwl.pl\/wp-content\/uploads\/2026\/04\/Dodaj-podtytul-3-1024x576.jpg\" alt=\"\" class=\"wp-image-2755\" style=\"width:113px;height:auto\" srcset=\"https:\/\/powiatwwl.pl\/wp-content\/uploads\/2026\/04\/Dodaj-podtytul-3-1024x576.jpg 1024w, https:\/\/powiatwwl.pl\/wp-content\/uploads\/2026\/04\/Dodaj-podtytul-3-300x169.jpg 300w, https:\/\/powiatwwl.pl\/wp-content\/uploads\/2026\/04\/Dodaj-podtytul-3-768x432.jpg 768w, https:\/\/powiatwwl.pl\/wp-content\/uploads\/2026\/04\/Dodaj-podtytul-3.jpg 1280w\" sizes=\"auto, (max-width: 1024px) 100vw, 1024px\" \/><\/figure>\n<\/div>\n\n\n<h2 class=\"wp-block-heading\"><a href=\"https:\/\/www.facebook.com\/reel\/1281952933393703\"><strong>Odcinek 12 \u2013 Oddzia\u0142 Chor\u00f3b Wewn\u0119trznych i Nefrologii. <\/strong>VIDEO<\/a><\/h2>\n\n\n\n<p><\/p>\n","protected":false},"excerpt":{"rendered":"<p>Odcinek 11 \u2013 Oddzia\u0142 Chor\u00f3b Wewn\u0119trznych I i II. To miejsce, gdzie wiedza i do\u015bwiadczenie zespo\u0142u \u0142\u0105cz\u0105 si\u0119 z nowoczesn\u0105 diagnostyk\u0105, pozwalaj\u0105c na codzienne mierzenie si\u0119 z leczeniem szerokiego spektrum schorze\u0144 wewn\u0119trznych. To tutaj interdyscyplinarny zesp\u00f3\u0142 specjalist\u00f3w patrzy na zdrowie pacjenta ca\u0142o\u015bciowo, zapewniaj\u0105c kompleksow\u0105 opiek\u0119, kt\u00f3ra wykracza poza ramy jednej specjalizacji. Kompetencje zespo\u0142u oraz troska o zdrowie s\u0105 fundamentem opieki i bezpiecze\u0144stwa. Odcinek 12 \u2013 Oddzia\u0142 Chor\u00f3b Wewn\u0119trznych i Nefrologii. To tutaj praca zespo\u0142u \u0142\u0105czy wiedz\u0119 i do\u015bwiadczenie z zakresu chor\u00f3b wewn\u0119trznych z w\u0105sk\u0105 specjalizacj\u0105 nefrologiczn\u0105, pozwalaj\u0105c\u0105 na precyzyjne leczenie schorze\u0144 nerek i nadci\u015bnienia t\u0119tniczego. Wsp\u00f3\u0142praca i dzia\u0142anie, by zapewni\u0107 pacjentom opiek\u0119 w trudnych zdrowotnych sytuacjach. Wiele Zespo\u0142\u00f3w. Jeden Organizm. Medyczna Ca\u0142o\u015b\u0107!<\/p>\n","protected":false},"author":1,"featured_media":2755,"comment_status":"open","ping_status":"open","sticky":false,"template":"","format":"standard","meta":{"footnotes":""},"categories":[1],"tags":[],"class_list":["post-3061","post","type-post","status-publish","format-standard","has-post-thumbnail","hentry","category-aktualnosci"],"_links":{"self":[{"href":"https:\/\/powiatwwl.pl\/index.php?rest_route=\/wp\/v2\/posts\/3061","targetHints":{"allow":["GET"]}}],"collection":[{"href":"https:\/\/powiatwwl.pl\/index.php?rest_route=\/wp\/v2\/posts"}],"about":[{"href":"https:\/\/powiatwwl.pl\/index.php?rest_route=\/wp\/v2\/types\/post"}],"author":[{"embeddable":true,"href":"https:\/\/powiatwwl.pl\/index.php?rest_route=\/wp\/v2\/users\/1"}],"replies":[{"embeddable":true,"href":"https:\/\/powiatwwl.pl\/index.php?rest_route=%2Fwp%2Fv2%2Fcomments&post=3061"}],"version-history":[{"count":1,"href":"https:\/\/powiatwwl.pl\/index.php?rest_route=\/wp\/v2\/posts\/3061\/revisions"}],"predecessor-version":[{"id":3062,"href":"https:\/\/powiatwwl.pl\/index.php?rest_route=\/wp\/v2\/posts\/3061\/revisions\/3062"}],"wp:featuredmedia":[{"embeddable":true,"href":"https:\/\/powiatwwl.pl\/index.php?rest_route=\/wp\/v2\/media\/2755"}],"wp:attachment":[{"href":"https:\/\/powiatwwl.pl\/index.php?rest_route=%2Fwp%2Fv2%2Fmedia&parent=3061"}],"wp:term":[{"taxonomy":"category","embeddable":true,"href":"https:\/\/powiatwwl.pl\/index.php?rest_route=%2Fwp%2Fv2%2Fcategories&post=3061"},{"taxonomy":"post_tag","embeddable":true,"href":"https:\/\/powiatwwl.pl\/index.php?rest_route=%2Fwp%2Fv2%2Ftags&post=3061"}],"curies":[{"name":"wp","href":"https:\/\/api.w.org\/{rel}","templated":true}]}}