{"id":3063,"date":"2026-04-27T07:12:26","date_gmt":"2026-04-27T05:12:26","guid":{"rendered":"https:\/\/powiatwwl.pl\/?p=3063"},"modified":"2026-04-27T07:16:01","modified_gmt":"2026-04-27T05:16:01","slug":"10-mln-zlotych-pozyskane-przez-powiat-wolominski-na-bezpieczenstwo-mieszkancow","status":"publish","type":"post","link":"https:\/\/powiatwwl.pl\/?p=3063","title":{"rendered":"Prawie 10 mln. z\u0142otych pozyskane przez Powiat Wo\u0142omi\u0144ski na bezpiecze\u0144stwo mieszka\u0144c\u00f3w"},"content":{"rendered":"<div class=\"wp-block-image\">\n<figure class=\"aligncenter size-large is-resized\"><img loading=\"lazy\" decoding=\"async\" width=\"1024\" height=\"1024\" src=\"https:\/\/powiatwwl.pl\/wp-content\/uploads\/2026\/04\/679449789_1520476106749310_1768967812236764385_n-1024x1024.jpg\" alt=\"\" class=\"wp-image-3064\" style=\"width:488px;height:auto\" srcset=\"https:\/\/powiatwwl.pl\/wp-content\/uploads\/2026\/04\/679449789_1520476106749310_1768967812236764385_n-1024x1024.jpg 1024w, https:\/\/powiatwwl.pl\/wp-content\/uploads\/2026\/04\/679449789_1520476106749310_1768967812236764385_n-300x300.jpg 300w, https:\/\/powiatwwl.pl\/wp-content\/uploads\/2026\/04\/679449789_1520476106749310_1768967812236764385_n-150x150.jpg 150w, https:\/\/powiatwwl.pl\/wp-content\/uploads\/2026\/04\/679449789_1520476106749310_1768967812236764385_n-768x768.jpg 768w, https:\/\/powiatwwl.pl\/wp-content\/uploads\/2026\/04\/679449789_1520476106749310_1768967812236764385_n-80x80.jpg 80w, https:\/\/powiatwwl.pl\/wp-content\/uploads\/2026\/04\/679449789_1520476106749310_1768967812236764385_n-320x320.jpg 320w, https:\/\/powiatwwl.pl\/wp-content\/uploads\/2026\/04\/679449789_1520476106749310_1768967812236764385_n.jpg 1080w\" sizes=\"auto, (max-width: 1024px) 100vw, 1024px\" \/><\/figure>\n<\/div>\n\n\n<p>Blisko 10 mln z\u0142 na bezpiecze\u0144stwo mieszka\u0144c\u00f3w powiatu. Pozyskali\u015bmy dofinansowanie z <a href=\"https:\/\/www.facebook.com\/MUW.Warszawa?__cft__[0]=AZbCT5hV6bGpOIWCNbPb9IskIk1MUlohyFt33VtByIpYV8F8vpk62xB0AIalUI5WT19U4psqWpAJLxd8okZ3kRY2dWjtKkelThvVhwBS20PXYfOcG4HVW6s0E-HHcFoMR9AaNTT4A9ywwAsox8s-J--9eO7TfRooHHhyvLwKAILd-XNZeYFeYxC1uxykZgB0QyA&amp;__tn__=-]K-R\">Mazowiecki Urz\u0105d Wojew\u00f3dzki<\/a> na realizacj\u0119 wa\u017cnych inwestycji zwi\u0105zanych z ochron\u0105 ludno\u015bci i obron\u0105 cywiln\u0105.Dzi\u0119ki tym \u015brodkom w Zielonce zaprojektujemy nowoczesne miejsce ukrycia kategorii U-1 na terenie <a href=\"https:\/\/www.facebook.com\/zszielonka?__cft__[0]=AZbCT5hV6bGpOIWCNbPb9IskIk1MUlohyFt33VtByIpYV8F8vpk62xB0AIalUI5WT19U4psqWpAJLxd8okZ3kRY2dWjtKkelThvVhwBS20PXYfOcG4HVW6s0E-HHcFoMR9AaNTT4A9ywwAsox8s-J--9eO7TfRooHHhyvLwKAILd-XNZeYFeYxC1uxykZgB0QyA&amp;__tn__=-]K-R\">Zesp\u00f3\u0142 Szk\u00f3\u0142 im. Prezydenta Ignacego Mo\u015bcickiego w Zielonce<\/a>. Obiekt b\u0119dzie przygotowany na przyj\u0119cie nawet 700 os\u00f3b w sytuacji zagro\u017cenia.R\u00f3wnolegle w <a href=\"https:\/\/www.facebook.com\/profile.php?id=100064185123499&amp;__cft__[0]=AZbCT5hV6bGpOIWCNbPb9IskIk1MUlohyFt33VtByIpYV8F8vpk62xB0AIalUI5WT19U4psqWpAJLxd8okZ3kRY2dWjtKkelThvVhwBS20PXYfOcG4HVW6s0E-HHcFoMR9AaNTT4A9ywwAsox8s-J--9eO7TfRooHHhyvLwKAILd-XNZeYFeYxC1uxykZgB0QyA&amp;__tn__=-]K-R\">Zesp\u00f3\u0142 Szk\u00f3\u0142 Techniczno-Zawodowych w Radzyminie<\/a> przebudujemy kondygnacj\u0119 podziemn\u0105, tworz\u0105c miejsce dora\u017anego schronienia dla ponad 130 os\u00f3b. To przestrze\u0144 dostosowana i wyposa\u017cona tak, by mog\u0142a by\u0107 szybko wykorzystana w sytuacjach kryzysowych. \u0141\u0105czna warto\u015b\u0107 projektu to blisko 10 mln z\u0142. To dzia\u0142ania, kt\u00f3re wzmacniaj\u0105 bezpiecze\u0144stwo mieszka\u0144c\u00f3w i zwi\u0119kszaj\u0105 nasz\u0105 gotowo\u015b\u0107 na sytuacje nadzwyczajne. Inwestujemy w bezpiecze\u0144stwo tu, na miejscu.<\/p>\n\n\n\n<hr class=\"wp-block-separator aligncenter has-alpha-channel-opacity\"\/>\n","protected":false},"excerpt":{"rendered":"<p>Blisko 10 mln z\u0142 na bezpiecze\u0144stwo mieszka\u0144c\u00f3w powiatu. Pozyskali\u015bmy dofinansowanie z Mazowiecki Urz\u0105d Wojew\u00f3dzki na realizacj\u0119 wa\u017cnych inwestycji zwi\u0105zanych z ochron\u0105 ludno\u015bci i obron\u0105 cywiln\u0105.Dzi\u0119ki tym \u015brodkom w Zielonce zaprojektujemy nowoczesne miejsce ukrycia kategorii U-1 na terenie Zesp\u00f3\u0142 Szk\u00f3\u0142 im. Prezydenta Ignacego Mo\u015bcickiego w Zielonce. Obiekt b\u0119dzie przygotowany na przyj\u0119cie nawet 700 os\u00f3b w sytuacji zagro\u017cenia&#8230;<\/p>\n","protected":false},"author":1,"featured_media":3064,"comment_status":"open","ping_status":"open","sticky":false,"template":"","format":"standard","meta":{"footnotes":""},"categories":[1],"tags":[],"class_list":["post-3063","post","type-post","status-publish","format-standard","has-post-thumbnail","hentry","category-aktualnosci"],"_links":{"self":[{"href":"https:\/\/powiatwwl.pl\/index.php?rest_route=\/wp\/v2\/posts\/3063","targetHints":{"allow":["GET"]}}],"collection":[{"href":"https:\/\/powiatwwl.pl\/index.php?rest_route=\/wp\/v2\/posts"}],"about":[{"href":"https:\/\/powiatwwl.pl\/index.php?rest_route=\/wp\/v2\/types\/post"}],"author":[{"embeddable":true,"href":"https:\/\/powiatwwl.pl\/index.php?rest_route=\/wp\/v2\/users\/1"}],"replies":[{"embeddable":true,"href":"https:\/\/powiatwwl.pl\/index.php?rest_route=%2Fwp%2Fv2%2Fcomments&post=3063"}],"version-history":[{"count":2,"href":"https:\/\/powiatwwl.pl\/index.php?rest_route=\/wp\/v2\/posts\/3063\/revisions"}],"predecessor-version":[{"id":3066,"href":"https:\/\/powiatwwl.pl\/index.php?rest_route=\/wp\/v2\/posts\/3063\/revisions\/3066"}],"wp:featuredmedia":[{"embeddable":true,"href":"https:\/\/powiatwwl.pl\/index.php?rest_route=\/wp\/v2\/media\/3064"}],"wp:attachment":[{"href":"https:\/\/powiatwwl.pl\/index.php?rest_route=%2Fwp%2Fv2%2Fmedia&parent=3063"}],"wp:term":[{"taxonomy":"category","embeddable":true,"href":"https:\/\/powiatwwl.pl\/index.php?rest_route=%2Fwp%2Fv2%2Fcategories&post=3063"},{"taxonomy":"post_tag","embeddable":true,"href":"https:\/\/powiatwwl.pl\/index.php?rest_route=%2Fwp%2Fv2%2Ftags&post=3063"}],"curies":[{"name":"wp","href":"https:\/\/api.w.org\/{rel}","templated":true}]}}