{"id":3067,"date":"2026-04-27T09:10:18","date_gmt":"2026-04-27T07:10:18","guid":{"rendered":"https:\/\/powiatwwl.pl\/?p=3067"},"modified":"2026-04-27T09:11:13","modified_gmt":"2026-04-27T07:11:13","slug":"ostatnie-pozegnanie-pana-stanislawa","status":"publish","type":"post","link":"https:\/\/powiatwwl.pl\/?p=3067","title":{"rendered":"Ostatnie Po\u017cegnanie Pana Stanis\u0142awa"},"content":{"rendered":"<div class=\"wp-block-image\">\n<figure class=\"aligncenter size-large is-resized\"><img loading=\"lazy\" decoding=\"async\" width=\"1024\" height=\"768\" src=\"https:\/\/powiatwwl.pl\/wp-content\/uploads\/2026\/04\/678843972_27614368328151823_2227346759950040140_n-1024x768.jpg\" alt=\"\" class=\"wp-image-3068\" style=\"width:515px;height:auto\" srcset=\"https:\/\/powiatwwl.pl\/wp-content\/uploads\/2026\/04\/678843972_27614368328151823_2227346759950040140_n-1024x768.jpg 1024w, https:\/\/powiatwwl.pl\/wp-content\/uploads\/2026\/04\/678843972_27614368328151823_2227346759950040140_n-300x225.jpg 300w, https:\/\/powiatwwl.pl\/wp-content\/uploads\/2026\/04\/678843972_27614368328151823_2227346759950040140_n-768x576.jpg 768w, https:\/\/powiatwwl.pl\/wp-content\/uploads\/2026\/04\/678843972_27614368328151823_2227346759950040140_n-1536x1152.jpg 1536w, https:\/\/powiatwwl.pl\/wp-content\/uploads\/2026\/04\/678843972_27614368328151823_2227346759950040140_n.jpg 2048w\" sizes=\"auto, (max-width: 1024px) 100vw, 1024px\" \/><\/figure>\n<\/div>\n\n\n<p>Dzisiaj o godzinie 11.00 w ko\u015bciele \u015awi\u0119tej Tr\u00f3jcy w Koby\u0142ce odb\u0119dzie si\u0119 ostatnie po\u017cegnanie \u015a.P. Stanis\u0142awa BIELEWICZA (85) wybitnego zawodnika, trenera, wychowawcy kolejnych pokole\u0144 sportowc\u00f3w w MKS WICHER Koby\u0142ka, Honorowego Obywatela Miasta Koby\u0142ka. Po Mszy \u015awi\u0119tej Pogrzebowej zmar\u0142y spocznie na starym cmentarzu w Koby\u0142ce. CZE\u015a\u0106 JEGO PAMI\u0118CI.<\/p>\n","protected":false},"excerpt":{"rendered":"<p>Dzisiaj o godzinie 11.00 w ko\u015bciele \u015awi\u0119tej Tr\u00f3jcy w Koby\u0142ce odb\u0119dzie si\u0119 ostatnie po\u017cegnanie \u015a.P. Stanis\u0142awa BIELEWICZA (85) wybitnego zawodnika, trenera, wychowawcy kolejnych pokole\u0144 sportowc\u00f3w w MKS WICHER Koby\u0142ka, Honorowego Obywatela Miasta Koby\u0142ka&#8230;<\/p>\n","protected":false},"author":1,"featured_media":3068,"comment_status":"open","ping_status":"open","sticky":false,"template":"","format":"standard","meta":{"footnotes":""},"categories":[1],"tags":[],"class_list":["post-3067","post","type-post","status-publish","format-standard","has-post-thumbnail","hentry","category-aktualnosci"],"_links":{"self":[{"href":"https:\/\/powiatwwl.pl\/index.php?rest_route=\/wp\/v2\/posts\/3067","targetHints":{"allow":["GET"]}}],"collection":[{"href":"https:\/\/powiatwwl.pl\/index.php?rest_route=\/wp\/v2\/posts"}],"about":[{"href":"https:\/\/powiatwwl.pl\/index.php?rest_route=\/wp\/v2\/types\/post"}],"author":[{"embeddable":true,"href":"https:\/\/powiatwwl.pl\/index.php?rest_route=\/wp\/v2\/users\/1"}],"replies":[{"embeddable":true,"href":"https:\/\/powiatwwl.pl\/index.php?rest_route=%2Fwp%2Fv2%2Fcomments&post=3067"}],"version-history":[{"count":2,"href":"https:\/\/powiatwwl.pl\/index.php?rest_route=\/wp\/v2\/posts\/3067\/revisions"}],"predecessor-version":[{"id":3070,"href":"https:\/\/powiatwwl.pl\/index.php?rest_route=\/wp\/v2\/posts\/3067\/revisions\/3070"}],"wp:featuredmedia":[{"embeddable":true,"href":"https:\/\/powiatwwl.pl\/index.php?rest_route=\/wp\/v2\/media\/3068"}],"wp:attachment":[{"href":"https:\/\/powiatwwl.pl\/index.php?rest_route=%2Fwp%2Fv2%2Fmedia&parent=3067"}],"wp:term":[{"taxonomy":"category","embeddable":true,"href":"https:\/\/powiatwwl.pl\/index.php?rest_route=%2Fwp%2Fv2%2Fcategories&post=3067"},{"taxonomy":"post_tag","embeddable":true,"href":"https:\/\/powiatwwl.pl\/index.php?rest_route=%2Fwp%2Fv2%2Ftags&post=3067"}],"curies":[{"name":"wp","href":"https:\/\/api.w.org\/{rel}","templated":true}]}}