{"id":3077,"date":"2026-04-28T09:10:03","date_gmt":"2026-04-28T07:10:03","guid":{"rendered":"https:\/\/powiatwwl.pl\/?p=3077"},"modified":"2026-04-28T09:10:04","modified_gmt":"2026-04-28T07:10:04","slug":"i-lo-pul-w-wolominie-klasy-maturalne-zakonczyly-rok-szkolny","status":"publish","type":"post","link":"https:\/\/powiatwwl.pl\/?p=3077","title":{"rendered":"I LO PUL w Wo\u0142ominie &#8211; klasy maturalne zako\u0144czy\u0142y rok szkolny"},"content":{"rendered":"<div class=\"wp-block-image\">\n<figure class=\"aligncenter size-large is-resized\"><img loading=\"lazy\" decoding=\"async\" width=\"1024\" height=\"648\" src=\"https:\/\/powiatwwl.pl\/wp-content\/uploads\/2026\/04\/683070490_1523502813113306_2135482424539934454_n-1024x648.jpg\" alt=\"\" class=\"wp-image-3078\" style=\"aspect-ratio:1.5802291500133228;width:640px;height:auto\" srcset=\"https:\/\/powiatwwl.pl\/wp-content\/uploads\/2026\/04\/683070490_1523502813113306_2135482424539934454_n-1024x648.jpg 1024w, https:\/\/powiatwwl.pl\/wp-content\/uploads\/2026\/04\/683070490_1523502813113306_2135482424539934454_n-300x190.jpg 300w, https:\/\/powiatwwl.pl\/wp-content\/uploads\/2026\/04\/683070490_1523502813113306_2135482424539934454_n-768x486.jpg 768w, https:\/\/powiatwwl.pl\/wp-content\/uploads\/2026\/04\/683070490_1523502813113306_2135482424539934454_n-1536x971.jpg 1536w, https:\/\/powiatwwl.pl\/wp-content\/uploads\/2026\/04\/683070490_1523502813113306_2135482424539934454_n.jpg 2048w\" sizes=\"auto, (max-width: 1024px) 100vw, 1024px\" \/><\/figure>\n<\/div>\n\n\n<p><\/p>\n\n\n\n<p>Zako\u0144czenie roku szkolnego klas maturalnych w <a href=\"https:\/\/www.facebook.com\/ILOPULWolomin?__cft__[0]=AZbKWEOjTOrKnhtbFUuzvmXTB2z7GkaM5ggf4Znq4sGKrJYJUgo-oyLq3pjAjTOz3_b_D6H22AcnvJ6srXvmF0pFccWgkQs-PV6z2uTncbq67jxTsQBdITp4ez_UFIVnEB0wskMMIGbAcoL3E8m0CTEEkhVGRmkVHA4allCkvJPtDs8kjYzw5veKPuSfeDmtoi4&amp;__tn__=-]K-R\">I LO PUL w Wo\u0142ominie<\/a> .To wyj\u0105tkowa grupa m\u0142odych ludzi, kt\u00f3rzy przez ostatnie lata nie tylko zdobywali wiedz\u0119, ale r\u00f3wnie\u017c aktywnie w\u0142\u0105czali si\u0119 w \u017cycie naszego powiatu. Zawsze mogli\u015bmy na Was liczy\u0107 podczas wydarze\u0144 powiatowych. Godnie reprezentowali\u015bcie nas r\u00f3wnie\u017c w konkursach i podczas uroczysto\u015bci centralnych. Gratuluj\u0119 wszystkim maturzystom wytrwa\u0142o\u015bci i zaanga\u017cowania.Szczeg\u00f3lne s\u0142owa uznania kieruj\u0119 tak\u017ce do uczni\u00f3w wyr\u00f3\u017cnionych za osi\u0105gni\u0119cia w nauce. Dzi\u0119kuj\u0119 rodzicom za wsparcie i codzienn\u0105 motywacj\u0119, nauczycielom za przygotowanie i prowadzenie uczni\u00f3w przez kolejne etapy edukacji oraz pani dyrektor za stworzenie miejsca, w kt\u00f3rym m\u0142odzi ludzie mog\u0105 si\u0119 rozwija\u0107. Przed Wami nowy etap \u017cycia. Trzymam kciuki za dobre wyniki na egzaminach maturalnych i dalsze wybory edukacyjne oraz zawodowe. Mam nadziej\u0119, \u017ce chocia\u017c cz\u0119\u015b\u0107 z Was w przysz\u0142o\u015bci zdecyduje si\u0119 zasili\u0107 nasze s\u0142u\u017cby, w tym policj\u0119 i stra\u017c po\u017carn\u0105. Powodzenia! \/Arkadiusz WERELICH\/<\/p>\n\n\n\n<hr class=\"wp-block-separator aligncenter has-alpha-channel-opacity\"\/>\n\n\n<div class=\"wp-block-image\">\n<figure class=\"alignleft size-large is-resized\"><img loading=\"lazy\" decoding=\"async\" width=\"1024\" height=\"1024\" src=\"https:\/\/powiatwwl.pl\/wp-content\/uploads\/2026\/03\/PW-logo12-Zdjecie-profilowe-na-Facebooka-1-1024x1024.jpg\" alt=\"\" class=\"wp-image-1845\" style=\"width:108px;height:auto\" srcset=\"https:\/\/powiatwwl.pl\/wp-content\/uploads\/2026\/03\/PW-logo12-Zdjecie-profilowe-na-Facebooka-1-1024x1024.jpg 1024w, https:\/\/powiatwwl.pl\/wp-content\/uploads\/2026\/03\/PW-logo12-Zdjecie-profilowe-na-Facebooka-1-300x300.jpg 300w, https:\/\/powiatwwl.pl\/wp-content\/uploads\/2026\/03\/PW-logo12-Zdjecie-profilowe-na-Facebooka-1-150x150.jpg 150w, https:\/\/powiatwwl.pl\/wp-content\/uploads\/2026\/03\/PW-logo12-Zdjecie-profilowe-na-Facebooka-1-768x768.jpg 768w, https:\/\/powiatwwl.pl\/wp-content\/uploads\/2026\/03\/PW-logo12-Zdjecie-profilowe-na-Facebooka-1-1536x1536.jpg 1536w, https:\/\/powiatwwl.pl\/wp-content\/uploads\/2026\/03\/PW-logo12-Zdjecie-profilowe-na-Facebooka-1-80x80.jpg 80w, https:\/\/powiatwwl.pl\/wp-content\/uploads\/2026\/03\/PW-logo12-Zdjecie-profilowe-na-Facebooka-1-320x320.jpg 320w, https:\/\/powiatwwl.pl\/wp-content\/uploads\/2026\/03\/PW-logo12-Zdjecie-profilowe-na-Facebooka-1.jpg 2048w\" sizes=\"auto, (max-width: 1024px) 100vw, 1024px\" \/><\/figure>\n<\/div>\n\n\n<h2 class=\"wp-block-heading\"><strong><a href=\"https:\/\/www.facebook.com\/starostaWerelich\">Arkadiusz WERELICH<\/a><\/strong><\/h2>\n\n\n\n<p><\/p>\n","protected":false},"excerpt":{"rendered":"<p>Zako\u0144czenie roku szkolnego klas maturalnych w I LO PUL w Wo\u0142ominie .To wyj\u0105tkowa grupa m\u0142odych ludzi, kt\u00f3rzy przez ostatnie lata nie tylko zdobywali wiedz\u0119, ale r\u00f3wnie\u017c aktywnie w\u0142\u0105czali si\u0119 w \u017cycie naszego powiatu. Zawsze mogli\u015bmy na Was liczy\u0107 podczas wydarze\u0144 powiatowych. Godnie reprezentowali\u015bcie nas r\u00f3wnie\u017c w konkursach i podczas uroczysto\u015bci centralnych. Gratuluj\u0119 wszystkim maturzystom wytrwa\u0142o\u015bci i zaanga\u017cowania&#8230;<\/p>\n","protected":false},"author":1,"featured_media":3079,"comment_status":"open","ping_status":"open","sticky":false,"template":"","format":"standard","meta":{"footnotes":""},"categories":[1],"tags":[],"class_list":["post-3077","post","type-post","status-publish","format-standard","has-post-thumbnail","hentry","category-aktualnosci"],"_links":{"self":[{"href":"https:\/\/powiatwwl.pl\/index.php?rest_route=\/wp\/v2\/posts\/3077","targetHints":{"allow":["GET"]}}],"collection":[{"href":"https:\/\/powiatwwl.pl\/index.php?rest_route=\/wp\/v2\/posts"}],"about":[{"href":"https:\/\/powiatwwl.pl\/index.php?rest_route=\/wp\/v2\/types\/post"}],"author":[{"embeddable":true,"href":"https:\/\/powiatwwl.pl\/index.php?rest_route=\/wp\/v2\/users\/1"}],"replies":[{"embeddable":true,"href":"https:\/\/powiatwwl.pl\/index.php?rest_route=%2Fwp%2Fv2%2Fcomments&post=3077"}],"version-history":[{"count":1,"href":"https:\/\/powiatwwl.pl\/index.php?rest_route=\/wp\/v2\/posts\/3077\/revisions"}],"predecessor-version":[{"id":3080,"href":"https:\/\/powiatwwl.pl\/index.php?rest_route=\/wp\/v2\/posts\/3077\/revisions\/3080"}],"wp:featuredmedia":[{"embeddable":true,"href":"https:\/\/powiatwwl.pl\/index.php?rest_route=\/wp\/v2\/media\/3079"}],"wp:attachment":[{"href":"https:\/\/powiatwwl.pl\/index.php?rest_route=%2Fwp%2Fv2%2Fmedia&parent=3077"}],"wp:term":[{"taxonomy":"category","embeddable":true,"href":"https:\/\/powiatwwl.pl\/index.php?rest_route=%2Fwp%2Fv2%2Fcategories&post=3077"},{"taxonomy":"post_tag","embeddable":true,"href":"https:\/\/powiatwwl.pl\/index.php?rest_route=%2Fwp%2Fv2%2Ftags&post=3077"}],"curies":[{"name":"wp","href":"https:\/\/api.w.org\/{rel}","templated":true}]}}