{"id":3081,"date":"2026-04-28T09:15:02","date_gmt":"2026-04-28T07:15:02","guid":{"rendered":"https:\/\/powiatwwl.pl\/?p=3081"},"modified":"2026-04-28T09:15:03","modified_gmt":"2026-04-28T07:15:03","slug":"burmistrz-wloskiego-viggiu-u-starosty","status":"publish","type":"post","link":"https:\/\/powiatwwl.pl\/?p=3081","title":{"rendered":"Burmistrz w\u0142oskiego VIGGIU u Starosty"},"content":{"rendered":"<div class=\"wp-block-image\">\n<figure class=\"aligncenter size-full is-resized\"><img loading=\"lazy\" decoding=\"async\" width=\"720\" height=\"536\" src=\"https:\/\/powiatwwl.pl\/wp-content\/uploads\/2026\/04\/680878508_1523461409784113_5578401520365308197_n.jpg\" alt=\"\" class=\"wp-image-3082\" style=\"aspect-ratio:1.3433218661355544;width:524px;height:auto\" srcset=\"https:\/\/powiatwwl.pl\/wp-content\/uploads\/2026\/04\/680878508_1523461409784113_5578401520365308197_n.jpg 720w, https:\/\/powiatwwl.pl\/wp-content\/uploads\/2026\/04\/680878508_1523461409784113_5578401520365308197_n-300x223.jpg 300w\" sizes=\"auto, (max-width: 720px) 100vw, 720px\" \/><\/figure>\n<\/div>\n\n\n<p>Mi\u0142o by\u0142o go\u015bci\u0107 Burmistrz <a href=\"https:\/\/www.facebook.com\/Viggi%C3%B9-112777035403986\/?__cft__[0]=AZa8EMt5d5zZMOuZtW2FvE9mtpcqUs4seNdqgsTbda_ga2ywXZKa5l_GL121voPGIKwwLRlaAJndy-D4i2PCf2N5NGj9my2cT6kV7IxXbmyDgO6O0FPUKQOQNfl3yp3m5H0SveC_3sCKyYbiMWqazgJ91sTog_czl-AbGkg6WgqFgzTlGU2G8RCAXICp1-k3Nn0&amp;__tn__=kK-R\">Viggi\u00f9<\/a> Emanuele Quintiglio. Wizyta w ramach uroczysto\u015bci zwi\u0105zanych 335. rocznic\u0105 urodzin i 270. rocznic\u0105 \u015bmierci Guido Antonio Longhiego &#8211; architekta i budowniczego Bazyliki \u015awi\u0119tej Tr\u00f3jcy w <a href=\"https:\/\/www.facebook.com\/MojaKobylka?__cft__[0]=AZa8EMt5d5zZMOuZtW2FvE9mtpcqUs4seNdqgsTbda_ga2ywXZKa5l_GL121voPGIKwwLRlaAJndy-D4i2PCf2N5NGj9my2cT6kV7IxXbmyDgO6O0FPUKQOQNfl3yp3m5H0SveC_3sCKyYbiMWqazgJ91sTog_czl-AbGkg6WgqFgzTlGU2G8RCAXICp1-k3Nn0&amp;__tn__=-]K-R\">Miasto Koby\u0142ka<\/a>.<strong>Viggi\u00f9<\/strong>\u00a0\u2013 miejscowo\u015b\u0107 i gmina we\u00a0<a href=\"https:\/\/pl.wikipedia.org\/wiki\/W%C5%82ochy\">W\u0142oszech<\/a>, w regionie\u00a0<a href=\"https:\/\/pl.wikipedia.org\/wiki\/Lombardia\">Lombardia<\/a>, w prowincji\u00a0<a href=\"https:\/\/pl.wikipedia.org\/wiki\/Prowincja_Varese\">Varese<\/a>.<\/p>\n\n\n\n<hr class=\"wp-block-separator aligncenter has-alpha-channel-opacity\"\/>\n\n\n\n<p><\/p>\n","protected":false},"excerpt":{"rendered":"<p>Mi\u0142o by\u0142o go\u015bci\u0107 Burmistrz Viggi\u00f9 Emanuele Quintiglio. Wizyta w ramach uroczysto\u015bci zwi\u0105zanych 335. rocznic\u0105 urodzin i 270. rocznic\u0105 \u015bmierci Guido Antonio Longhiego &#8211; architekta i budowniczego Bazyliki \u015awi\u0119tej Tr\u00f3jcy w Miasto Koby\u0142ka.Viggi\u00f9\u00a0\u2013 miejscowo\u015b\u0107 i gmina we\u00a0W\u0142oszech, w regionie\u00a0Lombardia, w prowincji\u00a0Varese.<\/p>\n","protected":false},"author":1,"featured_media":3082,"comment_status":"open","ping_status":"open","sticky":false,"template":"","format":"standard","meta":{"footnotes":""},"categories":[1],"tags":[],"class_list":["post-3081","post","type-post","status-publish","format-standard","has-post-thumbnail","hentry","category-aktualnosci"],"_links":{"self":[{"href":"https:\/\/powiatwwl.pl\/index.php?rest_route=\/wp\/v2\/posts\/3081","targetHints":{"allow":["GET"]}}],"collection":[{"href":"https:\/\/powiatwwl.pl\/index.php?rest_route=\/wp\/v2\/posts"}],"about":[{"href":"https:\/\/powiatwwl.pl\/index.php?rest_route=\/wp\/v2\/types\/post"}],"author":[{"embeddable":true,"href":"https:\/\/powiatwwl.pl\/index.php?rest_route=\/wp\/v2\/users\/1"}],"replies":[{"embeddable":true,"href":"https:\/\/powiatwwl.pl\/index.php?rest_route=%2Fwp%2Fv2%2Fcomments&post=3081"}],"version-history":[{"count":1,"href":"https:\/\/powiatwwl.pl\/index.php?rest_route=\/wp\/v2\/posts\/3081\/revisions"}],"predecessor-version":[{"id":3083,"href":"https:\/\/powiatwwl.pl\/index.php?rest_route=\/wp\/v2\/posts\/3081\/revisions\/3083"}],"wp:featuredmedia":[{"embeddable":true,"href":"https:\/\/powiatwwl.pl\/index.php?rest_route=\/wp\/v2\/media\/3082"}],"wp:attachment":[{"href":"https:\/\/powiatwwl.pl\/index.php?rest_route=%2Fwp%2Fv2%2Fmedia&parent=3081"}],"wp:term":[{"taxonomy":"category","embeddable":true,"href":"https:\/\/powiatwwl.pl\/index.php?rest_route=%2Fwp%2Fv2%2Fcategories&post=3081"},{"taxonomy":"post_tag","embeddable":true,"href":"https:\/\/powiatwwl.pl\/index.php?rest_route=%2Fwp%2Fv2%2Ftags&post=3081"}],"curies":[{"name":"wp","href":"https:\/\/api.w.org\/{rel}","templated":true}]}}