{"id":3087,"date":"2026-04-28T09:32:36","date_gmt":"2026-04-28T07:32:36","guid":{"rendered":"https:\/\/powiatwwl.pl\/?p=3087"},"modified":"2026-04-28T09:32:38","modified_gmt":"2026-04-28T07:32:38","slug":"prawoskret-w-ulice-powstancow-w-zabkach-video","status":"publish","type":"post","link":"https:\/\/powiatwwl.pl\/?p=3087","title":{"rendered":"Prawoskr\u0119t w ulic\u0119 Powsta\u0144c\u00f3w w Z\u0105bkach \/ VIDEO\/"},"content":{"rendered":"<div class=\"wp-block-image\">\n<figure class=\"aligncenter size-full is-resized\"><img loading=\"lazy\" decoding=\"async\" width=\"900\" height=\"506\" src=\"https:\/\/powiatwwl.pl\/wp-content\/uploads\/2026\/04\/uid_fa385e003bfc2c16bf1638389186bcc21667672995495_width_900_play_0_pos_0_gs_0_height_506.png\" alt=\"\" class=\"wp-image-3088\" style=\"aspect-ratio:1.7787110520952352;width:665px;height:auto\" srcset=\"https:\/\/powiatwwl.pl\/wp-content\/uploads\/2026\/04\/uid_fa385e003bfc2c16bf1638389186bcc21667672995495_width_900_play_0_pos_0_gs_0_height_506.png 900w, https:\/\/powiatwwl.pl\/wp-content\/uploads\/2026\/04\/uid_fa385e003bfc2c16bf1638389186bcc21667672995495_width_900_play_0_pos_0_gs_0_height_506-300x169.png 300w, https:\/\/powiatwwl.pl\/wp-content\/uploads\/2026\/04\/uid_fa385e003bfc2c16bf1638389186bcc21667672995495_width_900_play_0_pos_0_gs_0_height_506-768x432.png 768w\" sizes=\"auto, (max-width: 900px) 100vw, 900px\" \/><\/figure>\n<\/div>\n\n\n<p>Wybudujemy prawoskr\u0119t z ul. Pi\u0142sudskiego w ul. Powsta\u0144c\u00f3w w Z\u0105bkach. To bardzo dobra wiadomo\u015b\u0107 dla mieszka\u0144c\u00f3w. Ta inwestycja zdecydowanie poprawi komunikacj\u0119 w tym rejonie miasta. Ulica Pi\u0142sudskiego jest bardzo cz\u0119sto &#8222;zakorkowana&#8221; co powoduje, \u017ce wyd\u0142u\u017ca si\u0119 czas oczekiwania na zjazd w ulic\u0119 Powsta\u0144c\u00f3w.\/Tomasz KALATA\/<\/p>\n\n\n\n<hr class=\"wp-block-separator aligncenter has-alpha-channel-opacity\"\/>\n\n\n<div class=\"wp-block-image\">\n<figure class=\"alignleft size-large is-resized\"><img loading=\"lazy\" decoding=\"async\" width=\"1024\" height=\"1024\" src=\"https:\/\/powiatwwl.pl\/wp-content\/uploads\/2026\/04\/piotrektv-1024x1024.jpg\" alt=\"\" class=\"wp-image-3047\" style=\"width:108px;height:auto\" srcset=\"https:\/\/powiatwwl.pl\/wp-content\/uploads\/2026\/04\/piotrektv-1024x1024.jpg 1024w, https:\/\/powiatwwl.pl\/wp-content\/uploads\/2026\/04\/piotrektv-300x300.jpg 300w, https:\/\/powiatwwl.pl\/wp-content\/uploads\/2026\/04\/piotrektv-150x150.jpg 150w, https:\/\/powiatwwl.pl\/wp-content\/uploads\/2026\/04\/piotrektv-768x768.jpg 768w, https:\/\/powiatwwl.pl\/wp-content\/uploads\/2026\/04\/piotrektv-1536x1536.jpg 1536w, https:\/\/powiatwwl.pl\/wp-content\/uploads\/2026\/04\/piotrektv-80x80.jpg 80w, https:\/\/powiatwwl.pl\/wp-content\/uploads\/2026\/04\/piotrektv-320x320.jpg 320w, https:\/\/powiatwwl.pl\/wp-content\/uploads\/2026\/04\/piotrektv.jpg 2048w\" sizes=\"auto, (max-width: 1024px) 100vw, 1024px\" \/><\/figure>\n<\/div>\n\n\n<h2 class=\"wp-block-heading\"><strong><a href=\"https:\/\/www.facebook.com\/reel\/2329892370838284\">Tomasz KALATA VIDEO<\/a><\/strong><\/h2>\n\n\n\n<p><\/p>\n","protected":false},"excerpt":{"rendered":"<p>Wybudujemy prawoskr\u0119t z ul. Pi\u0142sudskiego w ul. Powsta\u0144c\u00f3w w Z\u0105bkach. To bardzo dobra wiadomo\u015b\u0107 dla mieszka\u0144c\u00f3w. Ta inwestycja zdecydowanie poprawi komunikacj\u0119 w tym rejonie miasta. Ulica Pi\u0142sudskiego jest bardzo cz\u0119sto &#8222;zakorkowana&#8221; co powoduje, \u017ce wyd\u0142u\u017ca si\u0119 czas oczekiwania na zjazd w ulic\u0119 Powsta\u0144c\u00f3w.\/Tomasz KALATA\/<\/p>\n","protected":false},"author":1,"featured_media":3047,"comment_status":"open","ping_status":"open","sticky":false,"template":"","format":"standard","meta":{"footnotes":""},"categories":[1],"tags":[],"class_list":["post-3087","post","type-post","status-publish","format-standard","has-post-thumbnail","hentry","category-aktualnosci"],"_links":{"self":[{"href":"https:\/\/powiatwwl.pl\/index.php?rest_route=\/wp\/v2\/posts\/3087","targetHints":{"allow":["GET"]}}],"collection":[{"href":"https:\/\/powiatwwl.pl\/index.php?rest_route=\/wp\/v2\/posts"}],"about":[{"href":"https:\/\/powiatwwl.pl\/index.php?rest_route=\/wp\/v2\/types\/post"}],"author":[{"embeddable":true,"href":"https:\/\/powiatwwl.pl\/index.php?rest_route=\/wp\/v2\/users\/1"}],"replies":[{"embeddable":true,"href":"https:\/\/powiatwwl.pl\/index.php?rest_route=%2Fwp%2Fv2%2Fcomments&post=3087"}],"version-history":[{"count":1,"href":"https:\/\/powiatwwl.pl\/index.php?rest_route=\/wp\/v2\/posts\/3087\/revisions"}],"predecessor-version":[{"id":3089,"href":"https:\/\/powiatwwl.pl\/index.php?rest_route=\/wp\/v2\/posts\/3087\/revisions\/3089"}],"wp:featuredmedia":[{"embeddable":true,"href":"https:\/\/powiatwwl.pl\/index.php?rest_route=\/wp\/v2\/media\/3047"}],"wp:attachment":[{"href":"https:\/\/powiatwwl.pl\/index.php?rest_route=%2Fwp%2Fv2%2Fmedia&parent=3087"}],"wp:term":[{"taxonomy":"category","embeddable":true,"href":"https:\/\/powiatwwl.pl\/index.php?rest_route=%2Fwp%2Fv2%2Fcategories&post=3087"},{"taxonomy":"post_tag","embeddable":true,"href":"https:\/\/powiatwwl.pl\/index.php?rest_route=%2Fwp%2Fv2%2Ftags&post=3087"}],"curies":[{"name":"wp","href":"https:\/\/api.w.org\/{rel}","templated":true}]}}