{"id":3090,"date":"2026-04-28T09:54:22","date_gmt":"2026-04-28T07:54:22","guid":{"rendered":"https:\/\/powiatwwl.pl\/?p=3090"},"modified":"2026-04-28T09:54:23","modified_gmt":"2026-04-28T07:54:23","slug":"mzdw-nowe-informacje-w-sprawie-dw-634","status":"publish","type":"post","link":"https:\/\/powiatwwl.pl\/?p=3090","title":{"rendered":"MZDW nowe informacje w sprawie DW 634"},"content":{"rendered":"<div class=\"wp-block-image\">\n<figure class=\"aligncenter size-full\"><img loading=\"lazy\" decoding=\"async\" width=\"752\" height=\"440\" src=\"https:\/\/powiatwwl.pl\/wp-content\/uploads\/2026\/04\/1209_rozbudowa.png\" alt=\"\" class=\"wp-image-3095\" srcset=\"https:\/\/powiatwwl.pl\/wp-content\/uploads\/2026\/04\/1209_rozbudowa.png 752w, https:\/\/powiatwwl.pl\/wp-content\/uploads\/2026\/04\/1209_rozbudowa-300x176.png 300w\" sizes=\"auto, (max-width: 752px) 100vw, 752px\" \/><\/figure>\n<\/div>\n\n\n<p>Wa\u017cne zmiany dla kierowc\u00f3w na DW 634!. Ju\u017c w najbli\u017csz\u0105 \u015brod\u0119, 29 kwietnia o godzinie 12:00, otwarty zostanie przejazd od skrzy\u017cowania z ul. Orl\u0105t Lwowskich w <a href=\"https:\/\/www.facebook.com\/MojaKobylka?__cft__[0]=AZZnA4MrnLdY0BNzcpkF3mTWlZ4rD8usrkNgavYaHlo0UN764QICgyZFxfAIfjIo_7ymBR_1wew5D0Z4-2eedkKwLfFEdx6H676F1Mehj483wbDX0-5-pmm2fXRtISI0SKw9apRFeozBH8viMeDMmghBgeMshgvr4SgcxpeuNmuvPJkXcWKNQFi1GA91bGjiK9x4ExH8z7tBIHlzM0yzTJ8rt0q9pQwZG9fgXsiGEeQ6sw&amp;__tn__=-]K-y-R\">Miasto Koby\u0142ka<\/a>, a\u017c do ul. Legion\u00f3w w <a href=\"https:\/\/www.facebook.com\/Zielonka.Miasto?__cft__[0]=AZZnA4MrnLdY0BNzcpkF3mTWlZ4rD8usrkNgavYaHlo0UN764QICgyZFxfAIfjIo_7ymBR_1wew5D0Z4-2eedkKwLfFEdx6H676F1Mehj483wbDX0-5-pmm2fXRtISI0SKw9apRFeozBH8viMeDMmghBgeMshgvr4SgcxpeuNmuvPJkXcWKNQFi1GA91bGjiK9x4ExH8z7tBIHlzM0yzTJ8rt0q9pQwZG9fgXsiGEeQ6sw&amp;__tn__=-]K-y-R\">Zielonka<\/a> i dalej w kierunku wiaduktu i Warszawy. <strong>Pami\u0119tajmy: <\/strong>Cho\u0107 pojedziemy now\u0105 tras\u0105, prosimy o zachowanie czujno\u015bci. Na fragmencie obj\u0119tym czasow\u0105 organizacj\u0105 ruchu trwa\u0107 b\u0119d\u0105 prace wyko\u0144czeniowe, co mo\u017ce powodowa\u0107 lokalne utrudnienia. Prosimy o zdj\u0119cie nogi z gazu i zwracanie uwagi na znaki!<\/p>\n\n\n\n<hr class=\"wp-block-separator aligncenter has-alpha-channel-opacity\"\/>\n\n\n<div class=\"wp-block-image\">\n<figure class=\"alignleft size-full is-resized\"><img loading=\"lazy\" decoding=\"async\" width=\"940\" height=\"788\" src=\"https:\/\/powiatwwl.pl\/wp-content\/uploads\/2026\/04\/480735254_1290744499194734_2666584244595886589_n.jpg\" alt=\"\" class=\"wp-image-3091\" style=\"aspect-ratio:1.1929196419591672;width:108px;height:auto\" srcset=\"https:\/\/powiatwwl.pl\/wp-content\/uploads\/2026\/04\/480735254_1290744499194734_2666584244595886589_n.jpg 940w, https:\/\/powiatwwl.pl\/wp-content\/uploads\/2026\/04\/480735254_1290744499194734_2666584244595886589_n-300x251.jpg 300w, https:\/\/powiatwwl.pl\/wp-content\/uploads\/2026\/04\/480735254_1290744499194734_2666584244595886589_n-768x644.jpg 768w\" sizes=\"auto, (max-width: 940px) 100vw, 940px\" \/><\/figure>\n<\/div>\n\n\n<h2 class=\"wp-block-heading\"><strong><a href=\"https:\/\/www.facebook.com\/profile.php?id=100047775883926\">MZDW<\/a><\/strong><\/h2>\n\n\n\n<p><\/p>\n","protected":false},"excerpt":{"rendered":"<p>Wa\u017cne zmiany dla kierowc\u00f3w na DW 634!. Ju\u017c w najbli\u017csz\u0105 \u015brod\u0119, 29 kwietnia o godzinie 12:00, otwarty zostanie przejazd od skrzy\u017cowania z ul. Orl\u0105t Lwowskich w Miasto Koby\u0142ka, a\u017c do ul. Legion\u00f3w w Zielonka i dalej w kierunku wiaduktu i Warszawy. Pami\u0119tajmy: Cho\u0107 pojedziemy now\u0105 tras\u0105, prosimy o zachowanie czujno\u015bci. Na fragmencie obj\u0119tym czasow\u0105 organizacj\u0105 ruchu trwa\u0107 b\u0119d\u0105 prace wyko\u0144czeniowe, co mo\u017ce powodowa\u0107 lokalne utrudnienia. Prosimy o zdj\u0119cie nogi z gazu i zwracanie uwagi na znaki!<\/p>\n","protected":false},"author":1,"featured_media":3091,"comment_status":"open","ping_status":"open","sticky":false,"template":"","format":"standard","meta":{"footnotes":""},"categories":[1],"tags":[],"class_list":["post-3090","post","type-post","status-publish","format-standard","has-post-thumbnail","hentry","category-aktualnosci"],"_links":{"self":[{"href":"https:\/\/powiatwwl.pl\/index.php?rest_route=\/wp\/v2\/posts\/3090","targetHints":{"allow":["GET"]}}],"collection":[{"href":"https:\/\/powiatwwl.pl\/index.php?rest_route=\/wp\/v2\/posts"}],"about":[{"href":"https:\/\/powiatwwl.pl\/index.php?rest_route=\/wp\/v2\/types\/post"}],"author":[{"embeddable":true,"href":"https:\/\/powiatwwl.pl\/index.php?rest_route=\/wp\/v2\/users\/1"}],"replies":[{"embeddable":true,"href":"https:\/\/powiatwwl.pl\/index.php?rest_route=%2Fwp%2Fv2%2Fcomments&post=3090"}],"version-history":[{"count":1,"href":"https:\/\/powiatwwl.pl\/index.php?rest_route=\/wp\/v2\/posts\/3090\/revisions"}],"predecessor-version":[{"id":3096,"href":"https:\/\/powiatwwl.pl\/index.php?rest_route=\/wp\/v2\/posts\/3090\/revisions\/3096"}],"wp:featuredmedia":[{"embeddable":true,"href":"https:\/\/powiatwwl.pl\/index.php?rest_route=\/wp\/v2\/media\/3091"}],"wp:attachment":[{"href":"https:\/\/powiatwwl.pl\/index.php?rest_route=%2Fwp%2Fv2%2Fmedia&parent=3090"}],"wp:term":[{"taxonomy":"category","embeddable":true,"href":"https:\/\/powiatwwl.pl\/index.php?rest_route=%2Fwp%2Fv2%2Fcategories&post=3090"},{"taxonomy":"post_tag","embeddable":true,"href":"https:\/\/powiatwwl.pl\/index.php?rest_route=%2Fwp%2Fv2%2Ftags&post=3090"}],"curies":[{"name":"wp","href":"https:\/\/api.w.org\/{rel}","templated":true}]}}