{"id":3097,"date":"2026-04-28T10:02:13","date_gmt":"2026-04-28T08:02:13","guid":{"rendered":"https:\/\/powiatwwl.pl\/?p=3097"},"modified":"2026-04-28T10:02:15","modified_gmt":"2026-04-28T08:02:15","slug":"szpitalny-serial-odcinek-16-blok-operacyjny-odcinek-17-przychodnia-rodzinna-i-specjalistyczna-video","status":"publish","type":"post","link":"https:\/\/powiatwwl.pl\/?p=3097","title":{"rendered":"Szpitalny Serial. Odcinek 16 &#8211; Blok Operacyjny, Odcinek 17 \u2013 Przychodnia Rodzinna i Specjalistyczna \/VIDEO\/"},"content":{"rendered":"<div class=\"wp-block-image\">\n<figure class=\"aligncenter size-large is-resized\"><img loading=\"lazy\" decoding=\"async\" width=\"1024\" height=\"576\" src=\"https:\/\/powiatwwl.pl\/wp-content\/uploads\/2026\/04\/Dodaj-podtytul-3-1024x576.jpg\" alt=\"\" class=\"wp-image-2755\" style=\"aspect-ratio:1.777757793764988;width:719px;height:auto\" srcset=\"https:\/\/powiatwwl.pl\/wp-content\/uploads\/2026\/04\/Dodaj-podtytul-3-1024x576.jpg 1024w, https:\/\/powiatwwl.pl\/wp-content\/uploads\/2026\/04\/Dodaj-podtytul-3-300x169.jpg 300w, https:\/\/powiatwwl.pl\/wp-content\/uploads\/2026\/04\/Dodaj-podtytul-3-768x432.jpg 768w, https:\/\/powiatwwl.pl\/wp-content\/uploads\/2026\/04\/Dodaj-podtytul-3.jpg 1280w\" sizes=\"auto, (max-width: 1024px) 100vw, 1024px\" \/><\/figure>\n<\/div>\n\n\n<p><strong>Odcinek 16 \u2013 Blok Operacyjny. <\/strong>To tutaj, w sterylnych warunkach i pod \u015bwiat\u0142ami bezcieniowych lamp, wiedza medyczna spotyka si\u0119 z najwy\u017csz\u0105 precyzj\u0105. Blok Operacyjny to miejsce, gdzie specjalnie przygotowany Zesp\u00f3\u0142 Piel\u0119gniarski oraz zaawansowana technologia staj\u0105 si\u0119 narz\u0119dziem w r\u0119kach mistrz\u00f3w, a ka\u017cda minuta pracy jest zaplanowana z chirurgiczn\u0105 dok\u0142adno\u015bci\u0105. Niezawodna wsp\u00f3\u0142praca operator\u00f3w, anestezjolog\u00f3w oraz personelu piel\u0119gniarskiego i technicznego tworzy medyczny ekosystem, w kt\u00f3rym ka\u017cdego dnia walczymy o zdrowie, przywracaj\u0105c nadziej\u0119 i sprawno\u015b\u0107.<\/p>\n\n\n\n<p><strong>Odcinek 17 \u2013 Przychodnia Rodzinna i Specjalistyczna.<\/strong> Zesp\u00f3\u0142 Przychodni \u2013 lekarze, piel\u0119gniarki, po\u0142o\u017cne i sekretarki medyczne \u2013 to ludzie, kt\u00f3rzy \u0142\u0105cz\u0105 trafn\u0105 diagnoz\u0119 z opiek\u0105 docieraj\u0105c\u0105 wsz\u0119dzie tam, gdzie potrzebuje jej Pacjent. To miejsce, gdzie uwa\u017cno\u015b\u0107 lekarza rodzinnego \u0142\u0105czy si\u0119 z do\u015bwiadczeniem lekarzy specjalist\u00f3w. Szczeg\u00f3ln\u0105 trosk\u0105 otaczamy najm\u0142odszych: zesp\u00f3\u0142 pediatr\u00f3w i specjalist\u00f3w czuwa nad ich zdrowiem i rozwojem. Dla doros\u0142ych jeste\u015bmy podstaw\u0105 opieki, zdrowotnej &#8211; oferuj\u0105c wsparcie lekarza rodzinnego oraz diagnostyk\u0119 w punkcie pobra\u0144 na miejscu. <strong>Wiele Zespo\u0142\u00f3w. Jeden Organizm. Medyczna Ca\u0142o\u015b\u0107!<\/strong><\/p>\n\n\n\n<hr class=\"wp-block-separator aligncenter has-alpha-channel-opacity\"\/>\n\n\n<div class=\"wp-block-image\">\n<figure class=\"alignleft size-large is-resized\"><img loading=\"lazy\" decoding=\"async\" width=\"1024\" height=\"576\" src=\"https:\/\/powiatwwl.pl\/wp-content\/uploads\/2026\/04\/Dodaj-podtytul-3-1024x576.jpg\" alt=\"\" class=\"wp-image-2755\" style=\"aspect-ratio:1.777757793764988;width:107px;height:auto\" srcset=\"https:\/\/powiatwwl.pl\/wp-content\/uploads\/2026\/04\/Dodaj-podtytul-3-1024x576.jpg 1024w, https:\/\/powiatwwl.pl\/wp-content\/uploads\/2026\/04\/Dodaj-podtytul-3-300x169.jpg 300w, https:\/\/powiatwwl.pl\/wp-content\/uploads\/2026\/04\/Dodaj-podtytul-3-768x432.jpg 768w, https:\/\/powiatwwl.pl\/wp-content\/uploads\/2026\/04\/Dodaj-podtytul-3.jpg 1280w\" sizes=\"auto, (max-width: 1024px) 100vw, 1024px\" \/><\/figure>\n<\/div>\n\n\n<h2 class=\"wp-block-heading\"><strong><a href=\"https:\/\/www.facebook.com\/reel\/2212625456209918\">odcinek 16<\/a><\/strong>     <strong><a href=\"https:\/\/www.facebook.com\/reel\/837453676071865\">odcinek 17<\/a><\/strong><\/h2>\n\n\n\n<p><\/p>\n","protected":false},"excerpt":{"rendered":"<p>Odcinek 16 \u2013 Blok Operacyjny. To tutaj, w sterylnych warunkach i pod \u015bwiat\u0142ami bezcieniowych lamp, wiedza medyczna spotyka si\u0119 z najwy\u017csz\u0105 precyzj\u0105. Blok Operacyjny to miejsce, gdzie specjalnie przygotowany Zesp\u00f3\u0142 Piel\u0119gniarski oraz zaawansowana technologia staj\u0105 si\u0119 narz\u0119dziem w r\u0119kach mistrz\u00f3w, a ka\u017cda minuta pracy jest zaplanowana z chirurgiczn\u0105 dok\u0142adno\u015bci\u0105&#8230;<br \/>\nOdcinek 17 \u2013 Przychodnia Rodzinna i Specjalistyczna. Zesp\u00f3\u0142 Przychodni \u2013 lekarze, piel\u0119gniarki, po\u0142o\u017cne i sekretarki medyczne \u2013 to ludzie, kt\u00f3rzy \u0142\u0105cz\u0105 trafn\u0105 diagnoz\u0119 z opiek\u0105 docieraj\u0105c\u0105 wsz\u0119dzie tam, gdzie potrzebuje jej Pacjent. To miejsce, gdzie uwa\u017cno\u015b\u0107 lekarza rodzinnego \u0142\u0105czy si\u0119 z do\u015bwiadczeniem lekarzy specjalist\u00f3w&#8230;<\/p>\n","protected":false},"author":1,"featured_media":2755,"comment_status":"open","ping_status":"open","sticky":false,"template":"","format":"standard","meta":{"footnotes":""},"categories":[1],"tags":[],"class_list":["post-3097","post","type-post","status-publish","format-standard","has-post-thumbnail","hentry","category-aktualnosci"],"_links":{"self":[{"href":"https:\/\/powiatwwl.pl\/index.php?rest_route=\/wp\/v2\/posts\/3097","targetHints":{"allow":["GET"]}}],"collection":[{"href":"https:\/\/powiatwwl.pl\/index.php?rest_route=\/wp\/v2\/posts"}],"about":[{"href":"https:\/\/powiatwwl.pl\/index.php?rest_route=\/wp\/v2\/types\/post"}],"author":[{"embeddable":true,"href":"https:\/\/powiatwwl.pl\/index.php?rest_route=\/wp\/v2\/users\/1"}],"replies":[{"embeddable":true,"href":"https:\/\/powiatwwl.pl\/index.php?rest_route=%2Fwp%2Fv2%2Fcomments&post=3097"}],"version-history":[{"count":1,"href":"https:\/\/powiatwwl.pl\/index.php?rest_route=\/wp\/v2\/posts\/3097\/revisions"}],"predecessor-version":[{"id":3098,"href":"https:\/\/powiatwwl.pl\/index.php?rest_route=\/wp\/v2\/posts\/3097\/revisions\/3098"}],"wp:featuredmedia":[{"embeddable":true,"href":"https:\/\/powiatwwl.pl\/index.php?rest_route=\/wp\/v2\/media\/2755"}],"wp:attachment":[{"href":"https:\/\/powiatwwl.pl\/index.php?rest_route=%2Fwp%2Fv2%2Fmedia&parent=3097"}],"wp:term":[{"taxonomy":"category","embeddable":true,"href":"https:\/\/powiatwwl.pl\/index.php?rest_route=%2Fwp%2Fv2%2Fcategories&post=3097"},{"taxonomy":"post_tag","embeddable":true,"href":"https:\/\/powiatwwl.pl\/index.php?rest_route=%2Fwp%2Fv2%2Ftags&post=3097"}],"curies":[{"name":"wp","href":"https:\/\/api.w.org\/{rel}","templated":true}]}}