{"id":3111,"date":"2026-04-29T09:45:26","date_gmt":"2026-04-29T07:45:26","guid":{"rendered":"https:\/\/powiatwwl.pl\/?p=3111"},"modified":"2026-04-29T09:45:28","modified_gmt":"2026-04-29T07:45:28","slug":"mistrzostwa-polski-juniorow-w-szabli-kobiet-i-mezczyzn-2-3-maja-zabki","status":"publish","type":"post","link":"https:\/\/powiatwwl.pl\/?p=3111","title":{"rendered":"Mistrzostwa Polski Junior\u00f3w w Szabli Kobiet i M\u0119\u017cczyzn, 2-3 maja Z\u0105bki"},"content":{"rendered":"<div class=\"wp-block-image\">\n<figure class=\"aligncenter size-full\"><img loading=\"lazy\" decoding=\"async\" width=\"513\" height=\"720\" src=\"https:\/\/powiatwwl.pl\/wp-content\/uploads\/2026\/04\/682384163_1359242362903645_2047060039673190160_n.jpg\" alt=\"\" class=\"wp-image-3112\" srcset=\"https:\/\/powiatwwl.pl\/wp-content\/uploads\/2026\/04\/682384163_1359242362903645_2047060039673190160_n.jpg 513w, https:\/\/powiatwwl.pl\/wp-content\/uploads\/2026\/04\/682384163_1359242362903645_2047060039673190160_n-214x300.jpg 214w\" sizes=\"auto, (max-width: 513px) 100vw, 513px\" \/><\/figure>\n<\/div>\n\n\n<p>Serdecznie zapraszamy na Mistrzostwa Polski Junior\u00f3w w Szabli Kobiet i M\u0119\u017cczyzn, kt\u00f3ry odb\u0119dzie si\u0119 2-3 maja w Szkole Podstawowej nr 6 w Z\u0105bkach przy ul. Dzikiej! Wydarzenie obj\u0119te Patronatem Burmistrza Miasta Z\u0105bki <a href=\"https:\/\/www.facebook.com\/profile.php?id=100030004027385&amp;__cft__[0]=AZZbk26G8LYYBYo0hTiM9kFRML-E54xqXX2H9nf-lk9wC39KX5hKFWypDB1m2S9gBAqKyDPfM_TP-olUNYyzv5UWsmjmkN1a6Wj_aaC77jzZDCiqllwLehWPkvLbfkF8oOCtbyCPM2I_C3Qwrx0qwVgi&amp;__tn__=-]K-R\">Ma\u0142gorzata Zy\u015bk Burmistrz blisko ludzi<\/a>!<\/p>\n\n\n\n<hr class=\"wp-block-separator aligncenter has-alpha-channel-opacity\"\/>\n\n\n\n<p><\/p>\n","protected":false},"excerpt":{"rendered":"<p>Serdecznie zapraszamy na Mistrzostwa Polski Junior\u00f3w w Szabli Kobiet i M\u0119\u017cczyzn, kt\u00f3ry odb\u0119dzie si\u0119 2-3 maja w Szkole Podstawowej nr 6 w Z\u0105bkach przy ul. Dzikiej! Wydarzenie obj\u0119te Patronatem Burmistrza Miasta Z\u0105bki.<\/p>\n","protected":false},"author":1,"featured_media":3112,"comment_status":"open","ping_status":"open","sticky":false,"template":"","format":"standard","meta":{"footnotes":""},"categories":[1],"tags":[],"class_list":["post-3111","post","type-post","status-publish","format-standard","has-post-thumbnail","hentry","category-aktualnosci"],"_links":{"self":[{"href":"https:\/\/powiatwwl.pl\/index.php?rest_route=\/wp\/v2\/posts\/3111","targetHints":{"allow":["GET"]}}],"collection":[{"href":"https:\/\/powiatwwl.pl\/index.php?rest_route=\/wp\/v2\/posts"}],"about":[{"href":"https:\/\/powiatwwl.pl\/index.php?rest_route=\/wp\/v2\/types\/post"}],"author":[{"embeddable":true,"href":"https:\/\/powiatwwl.pl\/index.php?rest_route=\/wp\/v2\/users\/1"}],"replies":[{"embeddable":true,"href":"https:\/\/powiatwwl.pl\/index.php?rest_route=%2Fwp%2Fv2%2Fcomments&post=3111"}],"version-history":[{"count":1,"href":"https:\/\/powiatwwl.pl\/index.php?rest_route=\/wp\/v2\/posts\/3111\/revisions"}],"predecessor-version":[{"id":3113,"href":"https:\/\/powiatwwl.pl\/index.php?rest_route=\/wp\/v2\/posts\/3111\/revisions\/3113"}],"wp:featuredmedia":[{"embeddable":true,"href":"https:\/\/powiatwwl.pl\/index.php?rest_route=\/wp\/v2\/media\/3112"}],"wp:attachment":[{"href":"https:\/\/powiatwwl.pl\/index.php?rest_route=%2Fwp%2Fv2%2Fmedia&parent=3111"}],"wp:term":[{"taxonomy":"category","embeddable":true,"href":"https:\/\/powiatwwl.pl\/index.php?rest_route=%2Fwp%2Fv2%2Fcategories&post=3111"},{"taxonomy":"post_tag","embeddable":true,"href":"https:\/\/powiatwwl.pl\/index.php?rest_route=%2Fwp%2Fv2%2Ftags&post=3111"}],"curies":[{"name":"wp","href":"https:\/\/api.w.org\/{rel}","templated":true}]}}