{"id":3115,"date":"2026-04-29T09:59:46","date_gmt":"2026-04-29T07:59:46","guid":{"rendered":"https:\/\/powiatwwl.pl\/?p=3115"},"modified":"2026-04-29T10:01:28","modified_gmt":"2026-04-29T08:01:28","slug":"238-rocznica-uchwalenia-konstytucji-3-maja-w-powiecie-wolominskim","status":"publish","type":"post","link":"https:\/\/powiatwwl.pl\/?p=3115","title":{"rendered":"235 rocznica Uchwalenia Konstytucji 3 maja w Powiecie Wo\u0142omi\u0144skim"},"content":{"rendered":"\n<figure class=\"wp-block-image size-large\"><img loading=\"lazy\" decoding=\"async\" width=\"1024\" height=\"536\" src=\"https:\/\/powiatwwl.pl\/wp-content\/uploads\/2026\/04\/ps-Reklama-na-Facebooka-4-1024x536.jpg\" alt=\"\" class=\"wp-image-2978\" srcset=\"https:\/\/powiatwwl.pl\/wp-content\/uploads\/2026\/04\/ps-Reklama-na-Facebooka-4-1024x536.jpg 1024w, https:\/\/powiatwwl.pl\/wp-content\/uploads\/2026\/04\/ps-Reklama-na-Facebooka-4-300x157.jpg 300w, https:\/\/powiatwwl.pl\/wp-content\/uploads\/2026\/04\/ps-Reklama-na-Facebooka-4-768x402.jpg 768w, https:\/\/powiatwwl.pl\/wp-content\/uploads\/2026\/04\/ps-Reklama-na-Facebooka-4.jpg 1200w\" sizes=\"auto, (max-width: 1024px) 100vw, 1024px\" \/><\/figure>\n\n\n\n<p>W Powiecie Wo\u0142omi\u0144skim tradycyjnie w niedziel\u0119 3 maja odb\u0119d\u0105 si\u0119 uroczyste obchody 235 rocznicy Uchwalenia Konstytucji. Serdecznie zapraszamy do wsp\u00f3lnego \u015bwi\u0119towania. Zapraszamy min do Wo\u0142omina, Radzymina, T\u0142uszcza, Zielonki. Szczeg\u00f3\u0142y poni\u017cej.<\/p>\n\n\n\n<hr class=\"wp-block-separator aligncenter has-alpha-channel-opacity\"\/>\n\n\n<div class=\"wp-block-image\">\n<figure class=\"alignleft size-large is-resized\"><img loading=\"lazy\" decoding=\"async\" width=\"1024\" height=\"536\" src=\"https:\/\/powiatwwl.pl\/wp-content\/uploads\/2026\/04\/ps-Reklama-na-Facebooka-4-1024x536.jpg\" alt=\"\" class=\"wp-image-2978\" style=\"aspect-ratio:1.910446799600554;width:111px;height:auto\" srcset=\"https:\/\/powiatwwl.pl\/wp-content\/uploads\/2026\/04\/ps-Reklama-na-Facebooka-4-1024x536.jpg 1024w, https:\/\/powiatwwl.pl\/wp-content\/uploads\/2026\/04\/ps-Reklama-na-Facebooka-4-300x157.jpg 300w, https:\/\/powiatwwl.pl\/wp-content\/uploads\/2026\/04\/ps-Reklama-na-Facebooka-4-768x402.jpg 768w, https:\/\/powiatwwl.pl\/wp-content\/uploads\/2026\/04\/ps-Reklama-na-Facebooka-4.jpg 1200w\" sizes=\"auto, (max-width: 1024px) 100vw, 1024px\" \/><\/figure>\n<\/div>\n\n\n<h2 class=\"wp-block-heading\"><strong><a href=\"https:\/\/powiatwwl.pl\/?page_id=1891\">Obchody 3 maja<\/a><\/strong><\/h2>\n\n\n\n<p><\/p>\n","protected":false},"excerpt":{"rendered":"<p>W Powiecie Wo\u0142omi\u0144skim tradycyjnie w niedziel\u0119 3 maja odb\u0119d\u0105 si\u0119 uroczyste obchody 238 rocznicy uchwalenia Konstytucji. Serdecznie zapraszamy do wsp\u00f3lnego \u015bwi\u0119towania. Zapraszamy min do Wo\u0142omina, Radzymina, T\u0142uszcza, Zielonki. Szczeg\u00f3\u0142y&#8230;<\/p>\n","protected":false},"author":1,"featured_media":2978,"comment_status":"open","ping_status":"open","sticky":false,"template":"","format":"standard","meta":{"footnotes":""},"categories":[1],"tags":[],"class_list":["post-3115","post","type-post","status-publish","format-standard","has-post-thumbnail","hentry","category-aktualnosci"],"_links":{"self":[{"href":"https:\/\/powiatwwl.pl\/index.php?rest_route=\/wp\/v2\/posts\/3115","targetHints":{"allow":["GET"]}}],"collection":[{"href":"https:\/\/powiatwwl.pl\/index.php?rest_route=\/wp\/v2\/posts"}],"about":[{"href":"https:\/\/powiatwwl.pl\/index.php?rest_route=\/wp\/v2\/types\/post"}],"author":[{"embeddable":true,"href":"https:\/\/powiatwwl.pl\/index.php?rest_route=\/wp\/v2\/users\/1"}],"replies":[{"embeddable":true,"href":"https:\/\/powiatwwl.pl\/index.php?rest_route=%2Fwp%2Fv2%2Fcomments&post=3115"}],"version-history":[{"count":4,"href":"https:\/\/powiatwwl.pl\/index.php?rest_route=\/wp\/v2\/posts\/3115\/revisions"}],"predecessor-version":[{"id":3119,"href":"https:\/\/powiatwwl.pl\/index.php?rest_route=\/wp\/v2\/posts\/3115\/revisions\/3119"}],"wp:featuredmedia":[{"embeddable":true,"href":"https:\/\/powiatwwl.pl\/index.php?rest_route=\/wp\/v2\/media\/2978"}],"wp:attachment":[{"href":"https:\/\/powiatwwl.pl\/index.php?rest_route=%2Fwp%2Fv2%2Fmedia&parent=3115"}],"wp:term":[{"taxonomy":"category","embeddable":true,"href":"https:\/\/powiatwwl.pl\/index.php?rest_route=%2Fwp%2Fv2%2Fcategories&post=3115"},{"taxonomy":"post_tag","embeddable":true,"href":"https:\/\/powiatwwl.pl\/index.php?rest_route=%2Fwp%2Fv2%2Ftags&post=3115"}],"curies":[{"name":"wp","href":"https:\/\/api.w.org\/{rel}","templated":true}]}}