{"id":3121,"date":"2026-04-29T10:42:04","date_gmt":"2026-04-29T08:42:04","guid":{"rendered":"https:\/\/powiatwwl.pl\/?p=3121"},"modified":"2026-04-29T10:42:05","modified_gmt":"2026-04-29T08:42:05","slug":"warsztaty-terapii-zajeciowej-wkrotce-w-nowej-siedzibie","status":"publish","type":"post","link":"https:\/\/powiatwwl.pl\/?p=3121","title":{"rendered":"Warsztaty Terapii Zaj\u0119ciowej wkr\u00f3tce w nowej siedzibie"},"content":{"rendered":"<div class=\"wp-block-image\">\n<figure class=\"aligncenter size-large is-resized\"><img loading=\"lazy\" decoding=\"async\" width=\"1024\" height=\"768\" src=\"https:\/\/powiatwwl.pl\/wp-content\/uploads\/2026\/04\/683416546_1524695502994037_2764261628528555854_n-1024x768.jpg\" alt=\"\" class=\"wp-image-3122\" style=\"aspect-ratio:1.333318345323741;width:692px;height:auto\" srcset=\"https:\/\/powiatwwl.pl\/wp-content\/uploads\/2026\/04\/683416546_1524695502994037_2764261628528555854_n-1024x768.jpg 1024w, https:\/\/powiatwwl.pl\/wp-content\/uploads\/2026\/04\/683416546_1524695502994037_2764261628528555854_n-300x225.jpg 300w, https:\/\/powiatwwl.pl\/wp-content\/uploads\/2026\/04\/683416546_1524695502994037_2764261628528555854_n-768x576.jpg 768w, https:\/\/powiatwwl.pl\/wp-content\/uploads\/2026\/04\/683416546_1524695502994037_2764261628528555854_n-1536x1152.jpg 1536w, https:\/\/powiatwwl.pl\/wp-content\/uploads\/2026\/04\/683416546_1524695502994037_2764261628528555854_n.jpg 2048w\" sizes=\"auto, (max-width: 1024px) 100vw, 1024px\" \/><\/figure>\n<\/div>\n\n\n<p>Na potrzeby Warsztat\u00f3w Terapii Zaj\u0119ciowej powstaje przestrze\u0144, kt\u00f3ra b\u0119dzie s\u0142u\u017cy\u0107 osobom z niepe\u0142nosprawno\u015bciami intelektualnymi w przygotowaniu do bardziej samodzielnego \u017cycia. Razem z naczelnik Wydzia\u0142u Inwestycji i Remont\u00f3w dogl\u0105dali\u015bmy prac remontowo-adaptacyjnych trwaj\u0105cych w budynku po dawnym ZUS w Wo\u0142ominie. To lokal przy ul. Mieszka I  nr 9 o powierzchni blisko 360 m\u00b2, kt\u00f3ry jest kompleksowo dostosowywany do nowych funkcji. Powiat naby\u0142 lokal w tej kadencji za ok. 1 mln z\u0142. Prace post\u0119puj\u0105 bardzo sprawnie, a zako\u0144czenie inwestycji planujemy ju\u017c na prze\u0142omie maja i czerwca. Przedstawiamy r\u00f3wnie\u017c zdj\u0119cia dotychczasowej lokalizacji, w kt\u00f3rej prowadzone by\u0142y warsztaty. Warunki s\u0105 nieakceptowalne, dlatego robimy wszystko, aby jak najszybciej uruchomi\u0107 now\u0105 siedzib\u0119.<\/p>\n\n\n\n<hr class=\"wp-block-separator aligncenter has-alpha-channel-opacity\"\/>\n\n\n<div class=\"wp-block-image\">\n<figure class=\"alignleft size-large is-resized\"><img loading=\"lazy\" decoding=\"async\" width=\"1024\" height=\"1024\" src=\"https:\/\/powiatwwl.pl\/wp-content\/uploads\/2026\/03\/PW-logo12-Zdjecie-profilowe-na-Facebooka-1-1024x1024.jpg\" alt=\"\" class=\"wp-image-1845\" style=\"width:107px;height:auto\" srcset=\"https:\/\/powiatwwl.pl\/wp-content\/uploads\/2026\/03\/PW-logo12-Zdjecie-profilowe-na-Facebooka-1-1024x1024.jpg 1024w, https:\/\/powiatwwl.pl\/wp-content\/uploads\/2026\/03\/PW-logo12-Zdjecie-profilowe-na-Facebooka-1-300x300.jpg 300w, https:\/\/powiatwwl.pl\/wp-content\/uploads\/2026\/03\/PW-logo12-Zdjecie-profilowe-na-Facebooka-1-150x150.jpg 150w, https:\/\/powiatwwl.pl\/wp-content\/uploads\/2026\/03\/PW-logo12-Zdjecie-profilowe-na-Facebooka-1-768x768.jpg 768w, https:\/\/powiatwwl.pl\/wp-content\/uploads\/2026\/03\/PW-logo12-Zdjecie-profilowe-na-Facebooka-1-1536x1536.jpg 1536w, https:\/\/powiatwwl.pl\/wp-content\/uploads\/2026\/03\/PW-logo12-Zdjecie-profilowe-na-Facebooka-1-80x80.jpg 80w, https:\/\/powiatwwl.pl\/wp-content\/uploads\/2026\/03\/PW-logo12-Zdjecie-profilowe-na-Facebooka-1-320x320.jpg 320w, https:\/\/powiatwwl.pl\/wp-content\/uploads\/2026\/03\/PW-logo12-Zdjecie-profilowe-na-Facebooka-1.jpg 2048w\" sizes=\"auto, (max-width: 1024px) 100vw, 1024px\" \/><\/figure>\n<\/div>\n\n\n<h2 class=\"wp-block-heading\"><strong><a href=\"https:\/\/www.facebook.com\/starostaWerelich\">Arkadiusz WERELICH<\/a><\/strong><\/h2>\n\n\n\n<p><\/p>\n","protected":false},"excerpt":{"rendered":"<p>Na potrzeby Warsztat\u00f3w Terapii Zaj\u0119ciowej powstaje przestrze\u0144, kt\u00f3ra b\u0119dzie s\u0142u\u017cy\u0107 osobom z niepe\u0142nosprawno\u015bciami intelektualnymi w przygotowaniu do bardziej samodzielnego \u017cycia. Razem z naczelnik Wydzia\u0142u Inwestycji i Remont\u00f3w dogl\u0105dali\u015bmy prac remontowo-adaptacyjnych trwaj\u0105cych w budynku po dawnym ZUS w Wo\u0142ominie. To lokal przy ul. Mieszka I nr 9 o powierzchni blisko 360 m\u00b2, kt\u00f3ry jest kompleksowo dostosowywany do nowych funkcji. Powiat naby\u0142 lokal w tej kadencji za ok. 1 mln z\u0142. <\/p>\n","protected":false},"author":1,"featured_media":3123,"comment_status":"open","ping_status":"open","sticky":false,"template":"","format":"standard","meta":{"footnotes":""},"categories":[1],"tags":[],"class_list":["post-3121","post","type-post","status-publish","format-standard","has-post-thumbnail","hentry","category-aktualnosci"],"_links":{"self":[{"href":"https:\/\/powiatwwl.pl\/index.php?rest_route=\/wp\/v2\/posts\/3121","targetHints":{"allow":["GET"]}}],"collection":[{"href":"https:\/\/powiatwwl.pl\/index.php?rest_route=\/wp\/v2\/posts"}],"about":[{"href":"https:\/\/powiatwwl.pl\/index.php?rest_route=\/wp\/v2\/types\/post"}],"author":[{"embeddable":true,"href":"https:\/\/powiatwwl.pl\/index.php?rest_route=\/wp\/v2\/users\/1"}],"replies":[{"embeddable":true,"href":"https:\/\/powiatwwl.pl\/index.php?rest_route=%2Fwp%2Fv2%2Fcomments&post=3121"}],"version-history":[{"count":1,"href":"https:\/\/powiatwwl.pl\/index.php?rest_route=\/wp\/v2\/posts\/3121\/revisions"}],"predecessor-version":[{"id":3124,"href":"https:\/\/powiatwwl.pl\/index.php?rest_route=\/wp\/v2\/posts\/3121\/revisions\/3124"}],"wp:featuredmedia":[{"embeddable":true,"href":"https:\/\/powiatwwl.pl\/index.php?rest_route=\/wp\/v2\/media\/3123"}],"wp:attachment":[{"href":"https:\/\/powiatwwl.pl\/index.php?rest_route=%2Fwp%2Fv2%2Fmedia&parent=3121"}],"wp:term":[{"taxonomy":"category","embeddable":true,"href":"https:\/\/powiatwwl.pl\/index.php?rest_route=%2Fwp%2Fv2%2Fcategories&post=3121"},{"taxonomy":"post_tag","embeddable":true,"href":"https:\/\/powiatwwl.pl\/index.php?rest_route=%2Fwp%2Fv2%2Ftags&post=3121"}],"curies":[{"name":"wp","href":"https:\/\/api.w.org\/{rel}","templated":true}]}}