{"id":3129,"date":"2026-04-29T11:32:13","date_gmt":"2026-04-29T09:32:13","guid":{"rendered":"https:\/\/powiatwwl.pl\/?p=3129"},"modified":"2026-04-29T11:33:21","modified_gmt":"2026-04-29T09:33:21","slug":"dzien-psiego-ratownika-video","status":"publish","type":"post","link":"https:\/\/powiatwwl.pl\/?p=3129","title":{"rendered":"Dzie\u0144 Psiego Ratownika \/VIDEO\/"},"content":{"rendered":"\n<figure class=\"wp-block-image size-full\"><img loading=\"lazy\" decoding=\"async\" width=\"820\" height=\"312\" src=\"https:\/\/powiatwwl.pl\/wp-content\/uploads\/2026\/04\/484211957_1429688431476770_6479151859927544329_n.jpg\" alt=\"\" class=\"wp-image-3130\" srcset=\"https:\/\/powiatwwl.pl\/wp-content\/uploads\/2026\/04\/484211957_1429688431476770_6479151859927544329_n.jpg 820w, https:\/\/powiatwwl.pl\/wp-content\/uploads\/2026\/04\/484211957_1429688431476770_6479151859927544329_n-300x114.jpg 300w, https:\/\/powiatwwl.pl\/wp-content\/uploads\/2026\/04\/484211957_1429688431476770_6479151859927544329_n-768x292.jpg 768w\" sizes=\"auto, (max-width: 820px) 100vw, 820px\" \/><\/figure>\n\n\n\n<p>W ka\u017cd\u0105 ostatni\u0105 niedziel\u0119 kwietnia obchodzony jest Mi\u0119dzynarodowy Dzie\u0144 Psa Ratowniczego. Psi ratownicy, nasi czworono\u017cni przyjaciele dziel\u0105 si\u0119 z nami swoim wybitnym zmys\u0142em w\u0119chu, wspieraj\u0105c nas podczas akcji poszukiwawczych. Nierzadko ich kochane nosy okazuj\u0105 si\u0119 skuteczniejsze, ni\u017c najnowocze\u015bniejsza technologia. Dla nich poszukiwania to zabawa. Pracuj\u0105c dla nas nie widz\u0105 jednak, \u017ce ryzykuj\u0105 swoje zdrowie, a czasem i \u017cycie. W\u0142a\u015bnie dlatego wszystkim psim ratownikom \u017cyczymy, aby zdrowie ich nie opuszcza\u0142o. Aby stawy by\u0142y silne, mi\u0119\u015bnie zdrowe, serduszka rytmiczne, a nosy skuteczne.<\/p>\n\n\n\n<hr class=\"wp-block-separator aligncenter has-alpha-channel-opacity\"\/>\n\n\n<div class=\"wp-block-image\">\n<figure class=\"alignleft size-full is-resized\"><img loading=\"lazy\" decoding=\"async\" width=\"945\" height=\"945\" src=\"https:\/\/powiatwwl.pl\/wp-content\/uploads\/2026\/03\/486324728_1436831977429082_1234805563449762651_n.jpg\" alt=\"\" class=\"wp-image-2208\" style=\"width:105px;height:auto\" srcset=\"https:\/\/powiatwwl.pl\/wp-content\/uploads\/2026\/03\/486324728_1436831977429082_1234805563449762651_n.jpg 945w, https:\/\/powiatwwl.pl\/wp-content\/uploads\/2026\/03\/486324728_1436831977429082_1234805563449762651_n-300x300.jpg 300w, https:\/\/powiatwwl.pl\/wp-content\/uploads\/2026\/03\/486324728_1436831977429082_1234805563449762651_n-150x150.jpg 150w, https:\/\/powiatwwl.pl\/wp-content\/uploads\/2026\/03\/486324728_1436831977429082_1234805563449762651_n-768x768.jpg 768w, https:\/\/powiatwwl.pl\/wp-content\/uploads\/2026\/03\/486324728_1436831977429082_1234805563449762651_n-80x80.jpg 80w, https:\/\/powiatwwl.pl\/wp-content\/uploads\/2026\/03\/486324728_1436831977429082_1234805563449762651_n-320x320.jpg 320w\" sizes=\"auto, (max-width: 945px) 100vw, 945px\" \/><\/figure>\n<\/div>\n\n\n<h2 class=\"wp-block-heading\"><a href=\"https:\/\/www.facebook.com\/reel\/939187389017310\"><strong>GPR OSP Marki<\/strong> VIDEO<\/a><\/h2>\n","protected":false},"excerpt":{"rendered":"<p>W ka\u017cd\u0105 ostatni\u0105 niedziel\u0119 kwietnia obchodzony jest Mi\u0119dzynarodowy Dzie\u0144 Psa Ratowniczego. Psi ratownicy, nasi czworono\u017cni przyjaciele dziel\u0105 si\u0119 z nami swoim wybitnym zmys\u0142em w\u0119chu, wspieraj\u0105c nas podczas akcji poszukiwawczych. Nierzadko ich kochane nosy okazuj\u0105 si\u0119 skuteczniejsze, ni\u017c najnowocze\u015bniejsza technologia. Dla nich poszukiwania to zabawa. Pracuj\u0105c dla nas nie widz\u0105 jednak, \u017ce ryzykuj\u0105 swoje zdrowie, a czasem i \u017cycie. W\u0142a\u015bnie dlatego wszystkim psim ratownikom \u017cyczymy, aby zdrowie ich nie opuszcza\u0142o. Aby stawy by\u0142y silne, mi\u0119\u015bnie zdrowe, serduszka rytmiczne, a nosy skuteczne.<\/p>\n","protected":false},"author":1,"featured_media":3131,"comment_status":"open","ping_status":"open","sticky":false,"template":"","format":"standard","meta":{"footnotes":""},"categories":[1],"tags":[],"class_list":["post-3129","post","type-post","status-publish","format-standard","has-post-thumbnail","hentry","category-aktualnosci"],"_links":{"self":[{"href":"https:\/\/powiatwwl.pl\/index.php?rest_route=\/wp\/v2\/posts\/3129","targetHints":{"allow":["GET"]}}],"collection":[{"href":"https:\/\/powiatwwl.pl\/index.php?rest_route=\/wp\/v2\/posts"}],"about":[{"href":"https:\/\/powiatwwl.pl\/index.php?rest_route=\/wp\/v2\/types\/post"}],"author":[{"embeddable":true,"href":"https:\/\/powiatwwl.pl\/index.php?rest_route=\/wp\/v2\/users\/1"}],"replies":[{"embeddable":true,"href":"https:\/\/powiatwwl.pl\/index.php?rest_route=%2Fwp%2Fv2%2Fcomments&post=3129"}],"version-history":[{"count":2,"href":"https:\/\/powiatwwl.pl\/index.php?rest_route=\/wp\/v2\/posts\/3129\/revisions"}],"predecessor-version":[{"id":3133,"href":"https:\/\/powiatwwl.pl\/index.php?rest_route=\/wp\/v2\/posts\/3129\/revisions\/3133"}],"wp:featuredmedia":[{"embeddable":true,"href":"https:\/\/powiatwwl.pl\/index.php?rest_route=\/wp\/v2\/media\/3131"}],"wp:attachment":[{"href":"https:\/\/powiatwwl.pl\/index.php?rest_route=%2Fwp%2Fv2%2Fmedia&parent=3129"}],"wp:term":[{"taxonomy":"category","embeddable":true,"href":"https:\/\/powiatwwl.pl\/index.php?rest_route=%2Fwp%2Fv2%2Fcategories&post=3129"},{"taxonomy":"post_tag","embeddable":true,"href":"https:\/\/powiatwwl.pl\/index.php?rest_route=%2Fwp%2Fv2%2Ftags&post=3129"}],"curies":[{"name":"wp","href":"https:\/\/api.w.org\/{rel}","templated":true}]}}