{"id":3135,"date":"2026-04-29T14:18:58","date_gmt":"2026-04-29T12:18:58","guid":{"rendered":"https:\/\/powiatwwl.pl\/?p=3135"},"modified":"2026-04-29T14:19:32","modified_gmt":"2026-04-29T12:19:32","slug":"informacje-z-posiedzenia-zarzadu-powiatu-wolominskiego","status":"publish","type":"post","link":"https:\/\/powiatwwl.pl\/?p=3135","title":{"rendered":"Informacje z posiedzenia Zarz\u0105du Powiatu Wo\u0142omi\u0144skiego, kwiecie\u0144 2026"},"content":{"rendered":"<div class=\"wp-block-image\">\n<figure class=\"aligncenter size-full\"><img loading=\"lazy\" decoding=\"async\" width=\"810\" height=\"450\" src=\"https:\/\/powiatwwl.pl\/wp-content\/uploads\/2026\/04\/tk-1.jpg\" alt=\"\" class=\"wp-image-2804\" srcset=\"https:\/\/powiatwwl.pl\/wp-content\/uploads\/2026\/04\/tk-1.jpg 810w, https:\/\/powiatwwl.pl\/wp-content\/uploads\/2026\/04\/tk-1-300x167.jpg 300w, https:\/\/powiatwwl.pl\/wp-content\/uploads\/2026\/04\/tk-1-768x427.jpg 768w\" sizes=\"auto, (max-width: 810px) 100vw, 810px\" \/><\/figure>\n<\/div>\n\n\n<p><strong>Podj\u0119li\u015bmy<\/strong> uchwa\u0142y w sprawie zatwierdzenia Plan\u00f3w Pracy na rok 2026: Powiatowego \u015arodowiskowego Domu Samopomocy w Koby\u0142ce, Powiatowego \u015arodowiskowego Domu Samopomocy Nr 3 w T\u0142uszczu, \u015arodowiskowego Domu Samopomocy Caritas Diecezji Warszawsko-Praskiej w Radzyminie. <strong>Podj\u0119li\u015bmy<\/strong> uchwa\u0142\u0119 w sprawie zatwierdzenia Programu Dzia\u0142alno\u015bci, Regulaminu Organizacyjnego oraz Planu Pracy na rok 2026 \u015arodowiskowego Domu Samopomocy w Rojkowie oraz \u015arodowiskowego Domu Samopomocy TPD Ko\u0142o Pomocy Dzieciom i M\u0142odzie\u017cy Niepe\u0142nosprawnej w Z\u0105bkach. Podj\u0119li\u015bmy uchwa\u0142\u0119 w sprawie powo\u0142ania komisji konkursowej do przeprowadzenia konkursu na stanowisko dyrektora Zespo\u0142u Szk\u00f3\u0142 Ekonomicznych w Wo\u0142ominie im. Stanis\u0142awa Staszica. <strong>Podj\u0119li\u015bmy<\/strong> uchwa\u0142y w sprawie udzielenia pe\u0142nomocnictwa szczeg\u00f3lnego dyrektorom Szko\u0142a Podstawowa Specjalna im. Marii Konopnickiej w Radzyminie oraz Zesp\u00f3\u0142 Szk\u00f3\u0142 Techniczno-Zawodowych w Radzyminie im. in\u017c. Czes\u0142awa Nowaka do samodzielnego reprezentowania Powiatu Wo\u0142omi\u0144skiego w projekcie \u201eCyfrowy nauczyciel \u2013 szkolenia podnosz\u0105ce kompetencje cyfrowe nauczycieli szkolnych z obszaru: mazowieckie, warmi\u0144sko-mazurskie, podlaskie, lubelskie, podkarpackie\u201d.<strong> Wyrazili\u015bmy<\/strong> pozytywn\u0105 opini\u0119 w sprawie propozycji Burmistrza Jadowa dot. nadania nazwy \u201eKwiatowa\u201d, ulicy zlokalizowanej na odcinku drogi powiatowej nr 4343W po\u0142o\u017conego na terenie gminy Jad\u00f3w w miejscowo\u015bci Starowola na dzia\u0142ce ew. nr 198\/2.<\/p>\n\n\n\n<hr class=\"wp-block-separator aligncenter has-alpha-channel-opacity\"\/>\n\n\n<div class=\"wp-block-image\">\n<figure class=\"alignleft size-large is-resized\"><img loading=\"lazy\" decoding=\"async\" width=\"1024\" height=\"1024\" src=\"https:\/\/powiatwwl.pl\/wp-content\/uploads\/2026\/04\/piotrektv-1024x1024.jpg\" alt=\"\" class=\"wp-image-3047\" style=\"width:108px;height:auto\" srcset=\"https:\/\/powiatwwl.pl\/wp-content\/uploads\/2026\/04\/piotrektv-1024x1024.jpg 1024w, https:\/\/powiatwwl.pl\/wp-content\/uploads\/2026\/04\/piotrektv-300x300.jpg 300w, https:\/\/powiatwwl.pl\/wp-content\/uploads\/2026\/04\/piotrektv-150x150.jpg 150w, https:\/\/powiatwwl.pl\/wp-content\/uploads\/2026\/04\/piotrektv-768x768.jpg 768w, https:\/\/powiatwwl.pl\/wp-content\/uploads\/2026\/04\/piotrektv-1536x1536.jpg 1536w, https:\/\/powiatwwl.pl\/wp-content\/uploads\/2026\/04\/piotrektv-80x80.jpg 80w, https:\/\/powiatwwl.pl\/wp-content\/uploads\/2026\/04\/piotrektv-320x320.jpg 320w, https:\/\/powiatwwl.pl\/wp-content\/uploads\/2026\/04\/piotrektv.jpg 2048w\" sizes=\"auto, (max-width: 1024px) 100vw, 1024px\" \/><\/figure>\n<\/div>\n\n\n<h2 class=\"wp-block-heading\"><strong><a href=\"https:\/\/www.facebook.com\/profile.php?id=61561185435479\">Tomasz KALATA<\/a><\/strong><\/h2>\n\n\n\n<p><\/p>\n","protected":false},"excerpt":{"rendered":"<p>Podj\u0119li\u015bmy uchwa\u0142y w sprawie zatwierdzenia Plan\u00f3w Pracy na rok 2026: Powiatowego \u015arodowiskowego Domu Samopomocy w Koby\u0142ce, Powiatowego \u015arodowiskowego Domu Samopomocy Nr 3 w T\u0142uszczu, \u015arodowiskowego Domu Samopomocy Caritas Diecezji Warszawsko-Praskiej w Radzyminie. Podj\u0119li\u015bmy uchwa\u0142\u0119 w sprawie zatwierdzenia Programu Dzia\u0142alno\u015bci, Regulaminu Organizacyjnego oraz Planu Pracy na rok 2026 \u015arodowiskowego Domu Samopomocy w Rojkowie oraz \u015arodowiskowego Domu Samopomocy TPD Ko\u0142o Pomocy Dzieciom i M\u0142odzie\u017cy Niepe\u0142nosprawnej w Z\u0105bkach&#8230;<\/p>\n","protected":false},"author":1,"featured_media":2804,"comment_status":"open","ping_status":"open","sticky":false,"template":"","format":"standard","meta":{"footnotes":""},"categories":[1],"tags":[],"class_list":["post-3135","post","type-post","status-publish","format-standard","has-post-thumbnail","hentry","category-aktualnosci"],"_links":{"self":[{"href":"https:\/\/powiatwwl.pl\/index.php?rest_route=\/wp\/v2\/posts\/3135","targetHints":{"allow":["GET"]}}],"collection":[{"href":"https:\/\/powiatwwl.pl\/index.php?rest_route=\/wp\/v2\/posts"}],"about":[{"href":"https:\/\/powiatwwl.pl\/index.php?rest_route=\/wp\/v2\/types\/post"}],"author":[{"embeddable":true,"href":"https:\/\/powiatwwl.pl\/index.php?rest_route=\/wp\/v2\/users\/1"}],"replies":[{"embeddable":true,"href":"https:\/\/powiatwwl.pl\/index.php?rest_route=%2Fwp%2Fv2%2Fcomments&post=3135"}],"version-history":[{"count":2,"href":"https:\/\/powiatwwl.pl\/index.php?rest_route=\/wp\/v2\/posts\/3135\/revisions"}],"predecessor-version":[{"id":3137,"href":"https:\/\/powiatwwl.pl\/index.php?rest_route=\/wp\/v2\/posts\/3135\/revisions\/3137"}],"wp:featuredmedia":[{"embeddable":true,"href":"https:\/\/powiatwwl.pl\/index.php?rest_route=\/wp\/v2\/media\/2804"}],"wp:attachment":[{"href":"https:\/\/powiatwwl.pl\/index.php?rest_route=%2Fwp%2Fv2%2Fmedia&parent=3135"}],"wp:term":[{"taxonomy":"category","embeddable":true,"href":"https:\/\/powiatwwl.pl\/index.php?rest_route=%2Fwp%2Fv2%2Fcategories&post=3135"},{"taxonomy":"post_tag","embeddable":true,"href":"https:\/\/powiatwwl.pl\/index.php?rest_route=%2Fwp%2Fv2%2Ftags&post=3135"}],"curies":[{"name":"wp","href":"https:\/\/api.w.org\/{rel}","templated":true}]}}