{"id":409,"date":"2026-02-06T11:47:57","date_gmt":"2026-02-06T10:47:57","guid":{"rendered":"http:\/\/powiatwwl.pl\/?p=409"},"modified":"2026-03-01T21:01:03","modified_gmt":"2026-03-01T20:01:03","slug":"400-000-zl-dla-powiatu","status":"publish","type":"post","link":"https:\/\/powiatwwl.pl\/?p=409","title":{"rendered":"400 000 z\u0142 dla Szpitala Powiatowego !"},"content":{"rendered":"<div class=\"wp-block-image\">\n<figure class=\"aligncenter size-full\"><img loading=\"lazy\" decoding=\"async\" width=\"810\" height=\"450\" src=\"https:\/\/powiatwwl.pl\/wp-content\/uploads\/2026\/02\/AWR-1.jpg\" alt=\"\" class=\"wp-image-770\" srcset=\"https:\/\/powiatwwl.pl\/wp-content\/uploads\/2026\/02\/AWR-1.jpg 810w, https:\/\/powiatwwl.pl\/wp-content\/uploads\/2026\/02\/AWR-1-300x167.jpg 300w, https:\/\/powiatwwl.pl\/wp-content\/uploads\/2026\/02\/AWR-1-768x427.jpg 768w\" sizes=\"auto, (max-width: 810px) 100vw, 810px\" \/><\/figure>\n<\/div>\n\n\n<p>Arkadiusz WERELICH Starosta Wo\u0142omi\u0144ski informuje:<\/p>\n\n\n\n<p><strong>NEWS:<\/strong> <strong>5.02.2026,Wo\u0142omin.<\/strong> Dzi\u015b podpisane zosta\u0142y dwie wa\u017cne umowy z <a href=\"https:\/\/www.facebook.com\/szpitalwolomin?__cft__[0]=AZYPE_1uhQyOZ4lfV7SUPRnfYrdS-LtMnWYEJItAGID7DIAtVXMG6qloOIgasuPHyurkK2ZiWYaU-pBR-_bN_DFVgpFmw4STrz0gJQAiFudzylSyx-jyXBOaLAOPkr2n6yefe3qf3giOlrOU5IBOH6tbjp2dUwApIMvqdfRUiasFfNThhmqpIKu6LY5g-5C2IoSobiHINo44j8bEZ_2kZKLfwuk2pxleQfnbPmwjEv98Bw&amp;__tn__=-]K-y-R\">Szpital Matki Bo\u017cej Nieustaj\u0105cej Pomocy w Wo\u0142ominie<\/a>, kt\u00f3re wzmacniaj\u0105 system ochrony zdrowia w naszym powiecie wo\u0142omi\u0144skim i zwi\u0119kszaj\u0105 dost\u0119p mieszka\u0144c\u00f3w do bezp\u0142atnych \u015bwiadcze\u0144. Pierwsza z nich dotyczy realizacji akcji zdrowotnych i profilaktycznych, w tym m.in. \ud835\uddef\ud835\uddee\ud835\uddf1\ud835\uddee\ud835\uddfb\u0301 \ud835\ude04 \ud835\uddf8\ud835\uddf6\ud835\uddf2\ud835\uddff\ud835\ude02\ud835\uddfb\ud835\uddf8\ud835\ude02 \ud835\uddff\ud835\uddee\ud835\uddf8\ud835\uddee \ud835\uddfd\ud835\uddf6\ud835\uddf2\ud835\uddff\ud835\ude00\ud835\uddf6, \ud835\uddfc\ud835\ude00\ud835\ude01\ud835\uddf2\ud835\uddfc\ud835\uddfd\ud835\uddfc\ud835\uddff\ud835\uddfc\ud835\ude07\ud835\ude06, \ud835\uddf0\ud835\uddf5\ud835\uddfc\ud835\uddff\ud835\uddfc\u0301\ud835\uddef \ud835\ude02\ud835\uddff\ud835\uddfc\ud835\uddf9\ud835\uddfc\ud835\uddf4\ud835\uddf6\ud835\uddf0\ud835\ude07\ud835\uddfb\ud835\ude06\ud835\uddf0\ud835\uddf5 \ud835\uddfc\ud835\uddff\ud835\uddee\ud835\ude07 \ud835\uddf0\ud835\uddf5\ud835\uddfc\ud835\uddff\ud835\uddfc\u0301\ud835\uddef \ud835\uddfc\ud835\uddf1\ud835\uddf8\ud835\uddf9\ud835\uddf2\ud835\ude00\ud835\ude07\ud835\uddf0\ud835\ude07\ud835\uddfc\ud835\ude04\ud835\ude06\ud835\uddf0\ud835\uddf5. Na ten cel przeznaczyli\u015bmy \ud835\udfee\ud835\udff4\ud835\udfec \ud835\udfec\ud835\udfec\ud835\udfec \ud835\ude07\u0142.<\/p>\n\n\n<div class=\"wp-block-image\">\n<figure class=\"alignleft size-full is-resized\"><img loading=\"lazy\" decoding=\"async\" width=\"960\" height=\"540\" src=\"https:\/\/powiatwwl.pl\/wp-content\/uploads\/2026\/02\/627483687_122205932264372847_7928417409579675084_n-1.jpg\" alt=\"\" class=\"wp-image-152\" style=\"width:305px;height:auto\" srcset=\"https:\/\/powiatwwl.pl\/wp-content\/uploads\/2026\/02\/627483687_122205932264372847_7928417409579675084_n-1.jpg 960w, https:\/\/powiatwwl.pl\/wp-content\/uploads\/2026\/02\/627483687_122205932264372847_7928417409579675084_n-1-300x169.jpg 300w, https:\/\/powiatwwl.pl\/wp-content\/uploads\/2026\/02\/627483687_122205932264372847_7928417409579675084_n-1-768x432.jpg 768w\" sizes=\"auto, (max-width: 960px) 100vw, 960px\" \/><\/figure>\n<\/div>\n\n\n<p>Druga umowa obejmuje prowadzenie \ud835\udde3\ud835\uddfc\ud835\ude04\ud835\uddf6\ud835\uddee\ud835\ude01\ud835\uddfc\ud835\ude04\ud835\uddf2\ud835\uddf7 \ud835\udde6\ud835\ude07\ud835\uddf8\ud835\uddfc\u0142\ud835\ude06 \ud835\udde5\ud835\uddfc\ud835\uddf1\ud835\ude07\ud835\uddf2\ud835\uddfb\ud835\uddf6\ud835\uddee w ramach programu \u201e<a href=\"https:\/\/l.facebook.com\/l.php?u=http%3A%2F%2FTAKrodzina.pl%2F%3Ffbclid%3DIwZXh0bgNhZW0CMTAAYnJpZBExeUdVVklUSlJGWldlQkZKNXNydGMGYXBwX2lkEDIyMjAzOTE3ODgyMDA4OTIAAR4bqTcpskC0f6EQH6Md85XCfCTLZqwUGEy7ihUWXHzusjP8te5r0uv9rfzTrA_aem_U50U1MH1-zV3WGc6z5R9nA&amp;h=AT0mEBTXfB1Sr-QEQTgNrEsMSj4NrBjJ21tXEPj3Zsar6f97LJ5x0RsUzbuF0FeF_dHIUbimbu0L8QajH9S1uzS_Cm8f0tigOrVf6IXncsS4pBmVS_6mtcmCFwVP9RNFSAEr2mF7HLm8kBXc&amp;__tn__=-UK-y-R&amp;c[0]=AT0QrfbWbGXepEr4qx7dpPmt7Wkcm91Mnbgx_Mh23B28OWONGkJoiIWImDp6KhNESoky2l8_cQmjpzJPzfaJVGBlHLayarb5QVnyofMlJxUuVxLZG6xPDQ5rrCPWFbgdMRRhuvt4l4whk3YE4sVcwFGLuu0UHC88_wYpP9TdYDJ8_jZtAvfdmcZfWBfrXBZ97tiZlhZWkoTiW3-ROzGV4TsDHC0RaDgLxspD1SAKDfrWAxqQYxc\" target=\"_blank\" rel=\"noreferrer noopener\">TAKrodzina.pl<\/a>\u201d. To propozycja dla przysz\u0142ych rodzic\u00f3w \u2013 cykliczne, profesjonalne zaj\u0119cia przygotowuj\u0105ce do porodu i opieki nad noworodkiem, w ca\u0142o\u015bci finansowane przez powiat. Warto\u015b\u0107 tej umowy to \ud835\uddef\ud835\uddf9\ud835\uddf6\ud835\ude00\ud835\uddf8\ud835\uddfc \ud835\udfed\ud835\udfee\ud835\udfec \ud835\udfec\ud835\udfec\ud835\udfec \ud835\ude07\u0142.<\/p>\n\n\n\n<p>Obie umowy zostan\u0105 zrealizowane do ko\u0144ca 2026 roku. To programy, kt\u00f3re wzmacniaj\u0105 profilaktyk\u0119, edukacj\u0119 zdrowotn\u0105 i wsparcie rodzin, realizowane z my\u015bl\u0105 o mieszka\u0144cach naszego powiatu.<\/p>\n\n\n\n<hr class=\"wp-block-separator aligncenter has-alpha-channel-opacity\"\/>\n\n\n<div class=\"wp-block-image\">\n<figure class=\"alignleft size-large is-resized\"><img loading=\"lazy\" decoding=\"async\" width=\"1024\" height=\"1024\" src=\"https:\/\/powiatwwl.pl\/wp-content\/uploads\/2026\/02\/ARKADIUSZ-WERELICH-1024x1024.jpg\" alt=\"\" class=\"wp-image-204\" style=\"width:111px;height:auto\" srcset=\"https:\/\/powiatwwl.pl\/wp-content\/uploads\/2026\/02\/ARKADIUSZ-WERELICH-1024x1024.jpg 1024w, https:\/\/powiatwwl.pl\/wp-content\/uploads\/2026\/02\/ARKADIUSZ-WERELICH-300x300.jpg 300w, https:\/\/powiatwwl.pl\/wp-content\/uploads\/2026\/02\/ARKADIUSZ-WERELICH-150x150.jpg 150w, https:\/\/powiatwwl.pl\/wp-content\/uploads\/2026\/02\/ARKADIUSZ-WERELICH-768x768.jpg 768w, https:\/\/powiatwwl.pl\/wp-content\/uploads\/2026\/02\/ARKADIUSZ-WERELICH-1536x1536.jpg 1536w, https:\/\/powiatwwl.pl\/wp-content\/uploads\/2026\/02\/ARKADIUSZ-WERELICH-80x80.jpg 80w, https:\/\/powiatwwl.pl\/wp-content\/uploads\/2026\/02\/ARKADIUSZ-WERELICH-320x320.jpg 320w, https:\/\/powiatwwl.pl\/wp-content\/uploads\/2026\/02\/ARKADIUSZ-WERELICH.jpg 2048w\" sizes=\"auto, (max-width: 1024px) 100vw, 1024px\" \/><\/figure>\n<\/div>\n\n\n<h2 class=\"wp-block-heading\"><strong><a href=\"https:\/\/www.facebook.com\/starostaWerelich\">Arkadiusz WERELICH <\/a><\/strong><\/h2>\n\n\n\n<p><\/p>\n","protected":false},"excerpt":{"rendered":"<p>NEWS: 5.02.2026,Wo\u0142omin. Dzi\u015b podpisane zosta\u0142y dwie wa\u017cne umowy z Szpital Matki Bo\u017cej Nieustaj\u0105cej Pomocy w Wo\u0142ominie, kt\u00f3re wzmacniaj\u0105 system ochrony zdrowia w naszym powiecie wo\u0142omi\u0144skim i zwi\u0119kszaj\u0105 dost\u0119p mieszka\u0144c\u00f3w do bezp\u0142atnych \u015bwiadcze\u0144. Pierwsza z nich dotyczy realizacji akcji zdrowotnych i profilaktycznych, w tym m.in. \ud835\uddef\ud835\uddee\ud835\uddf1\ud835\uddee\ud835\uddfb\u0301 \ud835\ude04 \ud835\uddf8\ud835\uddf6\ud835\uddf2\ud835\uddff\ud835\ude02\ud835\uddfb\ud835\uddf8\ud835\ude02 \ud835\uddff\ud835\uddee\ud835\uddf8\ud835\uddee \ud835\uddfd\ud835\uddf6\ud835\uddf2\ud835\uddff\ud835\ude00\ud835\uddf6, \ud835\uddfc\ud835\ude00\ud835\ude01\ud835\uddf2\ud835\uddfc\ud835\uddfd\ud835\uddfc\ud835\uddff\ud835\uddfc\ud835\ude07\ud835\ude06, \ud835\uddf0\ud835\uddf5\ud835\uddfc\ud835\uddff\ud835\uddfc\u0301\ud835\uddef \ud835\ude02\ud835\uddff\ud835\uddfc\ud835\uddf9\ud835\uddfc\ud835\uddf4\ud835\uddf6\ud835\uddf0\ud835\ude07\ud835\uddfb\ud835\ude06\ud835\uddf0\ud835\uddf5 \ud835\uddfc\ud835\uddff\ud835\uddee\ud835\ude07 \ud835\uddf0\ud835\uddf5\ud835\uddfc\ud835\uddff\ud835\uddfc\u0301\ud835\uddef \ud835\uddfc\ud835\uddf1\ud835\uddf8\ud835\uddf9\ud835\uddf2\ud835\ude00\ud835\ude07\ud835\uddf0\ud835\ude07\ud835\uddfc\ud835\ude04\ud835\ude06\ud835\uddf0\ud835\uddf5. Na ten cel przeznaczyli\u015bmy \ud835\udfee\ud835\udff4\ud835\udfec \ud835\udfec\ud835\udfec\ud835\udfec \ud835\ude07\u0142.<\/p>\n","protected":false},"author":1,"featured_media":66,"comment_status":"open","ping_status":"open","sticky":false,"template":"","format":"standard","meta":{"footnotes":""},"categories":[1],"tags":[],"class_list":["post-409","post","type-post","status-publish","format-standard","has-post-thumbnail","hentry","category-aktualnosci"],"_links":{"self":[{"href":"https:\/\/powiatwwl.pl\/index.php?rest_route=\/wp\/v2\/posts\/409","targetHints":{"allow":["GET"]}}],"collection":[{"href":"https:\/\/powiatwwl.pl\/index.php?rest_route=\/wp\/v2\/posts"}],"about":[{"href":"https:\/\/powiatwwl.pl\/index.php?rest_route=\/wp\/v2\/types\/post"}],"author":[{"embeddable":true,"href":"https:\/\/powiatwwl.pl\/index.php?rest_route=\/wp\/v2\/users\/1"}],"replies":[{"embeddable":true,"href":"https:\/\/powiatwwl.pl\/index.php?rest_route=%2Fwp%2Fv2%2Fcomments&post=409"}],"version-history":[{"count":8,"href":"https:\/\/powiatwwl.pl\/index.php?rest_route=\/wp\/v2\/posts\/409\/revisions"}],"predecessor-version":[{"id":1626,"href":"https:\/\/powiatwwl.pl\/index.php?rest_route=\/wp\/v2\/posts\/409\/revisions\/1626"}],"wp:featuredmedia":[{"embeddable":true,"href":"https:\/\/powiatwwl.pl\/index.php?rest_route=\/wp\/v2\/media\/66"}],"wp:attachment":[{"href":"https:\/\/powiatwwl.pl\/index.php?rest_route=%2Fwp%2Fv2%2Fmedia&parent=409"}],"wp:term":[{"taxonomy":"category","embeddable":true,"href":"https:\/\/powiatwwl.pl\/index.php?rest_route=%2Fwp%2Fv2%2Fcategories&post=409"},{"taxonomy":"post_tag","embeddable":true,"href":"https:\/\/powiatwwl.pl\/index.php?rest_route=%2Fwp%2Fv2%2Ftags&post=409"}],"curies":[{"name":"wp","href":"https:\/\/api.w.org\/{rel}","templated":true}]}}