{"id":464,"date":"2026-03-01T22:04:24","date_gmt":"2026-03-01T21:04:24","guid":{"rendered":"http:\/\/powiatwwl.pl\/?p=464"},"modified":"2026-03-01T22:04:25","modified_gmt":"2026-03-01T21:04:25","slug":"witam","status":"publish","type":"post","link":"https:\/\/powiatwwl.pl\/?p=464","title":{"rendered":"WITAM na portalu POWIATWWL.pl !"},"content":{"rendered":"<div class=\"wp-block-image\">\n<figure class=\"aligncenter size-full\"><img loading=\"lazy\" decoding=\"async\" width=\"851\" height=\"315\" src=\"https:\/\/powiatwwl.pl\/wp-content\/uploads\/2026\/02\/PW-logo12-Zdjecie-w-tle-na-Facebooka.jpg\" alt=\"\" class=\"wp-image-474\" srcset=\"https:\/\/powiatwwl.pl\/wp-content\/uploads\/2026\/02\/PW-logo12-Zdjecie-w-tle-na-Facebooka.jpg 851w, https:\/\/powiatwwl.pl\/wp-content\/uploads\/2026\/02\/PW-logo12-Zdjecie-w-tle-na-Facebooka-300x111.jpg 300w, https:\/\/powiatwwl.pl\/wp-content\/uploads\/2026\/02\/PW-logo12-Zdjecie-w-tle-na-Facebooka-768x284.jpg 768w\" sizes=\"auto, (max-width: 851px) 100vw, 851px\" \/><\/figure>\n<\/div>\n\n<div class=\"wp-block-image\">\n<figure class=\"alignleft size-large is-resized\"><img loading=\"lazy\" decoding=\"async\" width=\"1024\" height=\"768\" src=\"https:\/\/powiatwwl.pl\/wp-content\/uploads\/2026\/02\/607893039_25308716375476641_3483307748853699508_n-edited-1-1024x768.jpg\" alt=\"\" class=\"wp-image-612\" style=\"width:249px;height:auto\" srcset=\"https:\/\/powiatwwl.pl\/wp-content\/uploads\/2026\/02\/607893039_25308716375476641_3483307748853699508_n-edited-1-1024x768.jpg 1024w, https:\/\/powiatwwl.pl\/wp-content\/uploads\/2026\/02\/607893039_25308716375476641_3483307748853699508_n-edited-1-300x225.jpg 300w, https:\/\/powiatwwl.pl\/wp-content\/uploads\/2026\/02\/607893039_25308716375476641_3483307748853699508_n-edited-1-768x576.jpg 768w, https:\/\/powiatwwl.pl\/wp-content\/uploads\/2026\/02\/607893039_25308716375476641_3483307748853699508_n-edited-1.jpg 1152w\" sizes=\"auto, (max-width: 1024px) 100vw, 1024px\" \/><\/figure>\n<\/div>\n\n\n<p>Witam Serdecznie. Od dzisiaj nie trzeba ju\u017c szuka\u0107 informacji o Powiecie Wo\u0142omi\u0144skim w r\u00f3\u017cnych miejscach przestrzeni internetowej (witrynach, social mediach).To wszystko znajdziecie Szanowni Pa\u0144stwo na nowym portalu internetowym POWIAT WWL Powiat Wo\u0142omi\u0144ski dla Mieszka\u0144c\u00f3w. <\/p>\n\n\n\n<p><strong>Jest to prywatny portal internetowy, finansowany wy\u0142\u0105cznie ze \u015brodk\u00f3w prywatnych w\u0142a\u015bciciela.<\/strong> <strong>To daje absolutn\u0105 niezale\u017cno\u015b\u0107 funkcjonowania portalu. Jestem jedynym w\u0142a\u015bcicielem i administratorem portalu.<\/strong> <strong>Wszelkie tre\u015bci, informacje, og\u0142oszenia, reklamy upublicznianie s\u0105 na portalu BEZP\u0141ATNIE <\/strong><\/p>\n\n\n\n<p><strong>powiatwwl.pl<\/strong> to platforma informacyjna &#8211; witryna integruj\u0105ca r\u00f3\u017cnorodne tre\u015bci, multimedia, social media w jednym miejscu. Powiat Wo\u0142omi\u0144ski to jeden z najwi\u0119kszych powiat\u00f3w w Polsce. Witryna powiatwwl.pl to zintegrowana platforma wiedzy o Powiecie Wo\u0142omi\u0144skim&#8230;ale nie tylko. Intencj\u0105 w\u0142a\u015bciciela i tw\u00f3rcy portalu Piotra WYSZY\u0143SKIEGO jest:<\/p>\n\n\n\n<p><strong>Informacja<\/strong> &#8211; aktualne wiadomo\u015bci z terenu powiatu, tre\u015bci tematyczne (samorz\u0105d lokalny, kultura, sport i turystyka, lokalny biznes), a tak\u017ce inne informacje z \u017cycia powiatu. <\/p>\n\n\n\n<p><strong>Us\u0142ugi<\/strong> &#8211; bezp\u0142atne og\u0142oszenia, promocja lokalnych przedsi\u0119biorc\u00f3w. <\/p>\n\n\n\n<p><strong>Integracja, Spo\u0142eczno\u015b\u0107<\/strong> &#8211; umo\u017cliwienie kontaktu mi\u0119dzy u\u017cytkownikami medi\u00f3w spo\u0142eczno\u015bciowych, wymiana informacji i do\u015bwiadcze\u0144.<\/p>\n\n\n\n<p><strong>Pomoc <\/strong>&#8211; promocja regionu, lokalnych przedsi\u0119biorc\u00f3w, wsparcie instytucji charytatywnych oraz akcji pomocowych, bezp\u0142atne og\u0142oszenia.<\/p>\n\n\n\n<p><strong>\u017bycie publiczne<\/strong> &#8211; promocja obywatelskiego spo\u0142ecze\u0144stwa w sferze lokalnej, parlamentarnej, dzia\u0142alno\u015b\u0107 w\u0142adz publicznych w Powiecie Wo\u0142omi\u0144skim, a tak\u017ce w parlamencie.<\/p>\n\n\n\n<p class=\"popmake-806\"><strong>Zdrowie<\/strong> &#8211; aktualne informacje o powiatowym systemie zdrowia, Powiatowy Szpital, promocja zdrowego stylu \u017cycia w\u015br\u00f3d Mieszka\u0144c\u00f3w Powiatu Wo\u0142omi\u0144skiego&#8230;.<\/p>\n\n\n\n<p><strong>Video <\/strong>&#8211; relacje filmowe, rolki, Powiatowa Kronika Filmowa, Obywatelska TV Internetowa<\/p>\n\n\n\n<p>Zapraszam serdecznie na nasze strony:<\/p>\n\n\n\n<p><strong>STRONA GL\u00d3WNA\/BLOG\/AKTUALNO\u015aCI<\/strong><\/p>\n\n\n\n<p><strong>12 MIAST i GMIN<\/strong> ( Miasta i Gminy naszego powiatu)<\/p>\n\n\n\n<p><strong>SAMORZ\u0104DOWCY\/PARLAMENTARZY\u015aCI<\/strong> (Powiatu Wo\u0142omi\u0144skiego oraz Nasi Parlamentarzy\u015bci)<\/p>\n\n\n\n<p><strong>OBYWATELSKI POWIAT<\/strong> ( aktywni obywatele powiatu, inicjatywy obywatelskie)<\/p>\n\n\n\n<p><strong>ZDROWIE <\/strong>( Powiatowa Ochrona Zdrowia &#8211; Powiatowy Szpital)<\/p>\n\n\n\n<p><strong>KULTURA<\/strong> ( Kulturalny Powiat)<\/p>\n\n\n\n<p><strong>SPORT i TURYSTYKA<\/strong> (Sport wyczynowy i amatorski, Aktywny tryb \u017cycia)<\/p>\n\n\n\n<p><strong>POMAGAMY <\/strong>(dobroczynno\u015b\u0107, akcje charytatywne)<\/p>\n\n\n\n<p><strong>FELIETON<\/strong> &#8211; Bez Cenzury (autorskie felietony Piotra Wyszy\u0144skiego)<\/p>\n\n\n\n<p><strong>VIDEO<\/strong> (relacje video, rolki, TV online)<\/p>\n\n\n\n<p><strong>PKF<\/strong> (Powiatowa Kronika Filmowa)<\/p>\n\n\n\n<p>Serdecznie Zapraszam do cz\u0119stego odwiedzania naszego portalu POWIAT WWL .<\/p>\n\n\n\n<p><\/p>\n\n\n\n<p><\/p>\n\n\n\n<p class=\"has-text-align-right\"><em><strong>Z powa\u017caniem w\u0142a\u015bciciel portalu POWIAT WWL-Powiat Wo\u0142omi\u0144ski dla Mieszka\u0144c\u00f3w<\/strong><\/em><\/p>\n\n\n\n<p class=\"has-text-align-right\"><em><strong> Piotr WYSZY\u0143SKI<\/strong><\/em><\/p>\n\n\n\n<p>Zapraszam na moj\u0105 stron\u0119 internetow\u0105:<\/p>\n\n\n<div class=\"wp-block-image\">\n<figure class=\"alignleft size-large is-resized\"><img loading=\"lazy\" decoding=\"async\" width=\"1024\" height=\"1024\" src=\"https:\/\/powiatwwl.pl\/wp-content\/uploads\/2026\/02\/PIOTREK-1024x1024.jpg\" alt=\"\" class=\"wp-image-208\" style=\"width:111px;height:auto\" srcset=\"https:\/\/powiatwwl.pl\/wp-content\/uploads\/2026\/02\/PIOTREK-1024x1024.jpg 1024w, https:\/\/powiatwwl.pl\/wp-content\/uploads\/2026\/02\/PIOTREK-300x300.jpg 300w, https:\/\/powiatwwl.pl\/wp-content\/uploads\/2026\/02\/PIOTREK-150x150.jpg 150w, https:\/\/powiatwwl.pl\/wp-content\/uploads\/2026\/02\/PIOTREK-768x768.jpg 768w, https:\/\/powiatwwl.pl\/wp-content\/uploads\/2026\/02\/PIOTREK-1536x1536.jpg 1536w, https:\/\/powiatwwl.pl\/wp-content\/uploads\/2026\/02\/PIOTREK-80x80.jpg 80w, https:\/\/powiatwwl.pl\/wp-content\/uploads\/2026\/02\/PIOTREK-320x320.jpg 320w, https:\/\/powiatwwl.pl\/wp-content\/uploads\/2026\/02\/PIOTREK.jpg 2048w\" sizes=\"auto, (max-width: 1024px) 100vw, 1024px\" \/><\/figure>\n<\/div>\n\n\n<h2 class=\"wp-block-heading\"><a href=\"http:\/\/www.wyszynskipiotr.pl\">PIOTR WYSZY\u0143SKI<\/a><\/h2>\n\n\n\n<p><\/p>\n","protected":false},"excerpt":{"rendered":"<p>Witam Serdecznie. Od dzisiaj nie trzeba ju\u017c szuka\u0107 informacji o Powiecie Wo\u0142omi\u0144skim w r\u00f3\u017cnych miejscach przestrzeni internetowej (witrynach, social mediach).To wszystko znajdziecie Szanowni Pa\u0144stwo na nowym portalu internetowym POWIAT WWL Powiat Wo\u0142omi\u0144ski dla Mieszka\u0144c\u00f3w.<\/p>\n<p>Jest to prywatny portal internetowy, finansowany wy\u0142\u0105cznie ze \u015brodk\u00f3w prywatnych w\u0142a\u015bciciela. To daje absolutn\u0105 niezale\u017cno\u015b\u0107 funkcjonowania portalu. Jestem jedynym w\u0142a\u015bcicielem i administratorem portalu. Wszelkie tre\u015bci, informacje, og\u0142oszenia, reklamy upublicznianie s\u0105 na portalu BEZP\u0141ATNIE&#8230;<\/p>\n","protected":false},"author":1,"featured_media":612,"comment_status":"open","ping_status":"open","sticky":false,"template":"","format":"standard","meta":{"footnotes":""},"categories":[1],"tags":[],"class_list":["post-464","post","type-post","status-publish","format-standard","has-post-thumbnail","hentry","category-aktualnosci"],"_links":{"self":[{"href":"https:\/\/powiatwwl.pl\/index.php?rest_route=\/wp\/v2\/posts\/464","targetHints":{"allow":["GET"]}}],"collection":[{"href":"https:\/\/powiatwwl.pl\/index.php?rest_route=\/wp\/v2\/posts"}],"about":[{"href":"https:\/\/powiatwwl.pl\/index.php?rest_route=\/wp\/v2\/types\/post"}],"author":[{"embeddable":true,"href":"https:\/\/powiatwwl.pl\/index.php?rest_route=\/wp\/v2\/users\/1"}],"replies":[{"embeddable":true,"href":"https:\/\/powiatwwl.pl\/index.php?rest_route=%2Fwp%2Fv2%2Fcomments&post=464"}],"version-history":[{"count":27,"href":"https:\/\/powiatwwl.pl\/index.php?rest_route=\/wp\/v2\/posts\/464\/revisions"}],"predecessor-version":[{"id":1612,"href":"https:\/\/powiatwwl.pl\/index.php?rest_route=\/wp\/v2\/posts\/464\/revisions\/1612"}],"wp:featuredmedia":[{"embeddable":true,"href":"https:\/\/powiatwwl.pl\/index.php?rest_route=\/wp\/v2\/media\/612"}],"wp:attachment":[{"href":"https:\/\/powiatwwl.pl\/index.php?rest_route=%2Fwp%2Fv2%2Fmedia&parent=464"}],"wp:term":[{"taxonomy":"category","embeddable":true,"href":"https:\/\/powiatwwl.pl\/index.php?rest_route=%2Fwp%2Fv2%2Fcategories&post=464"},{"taxonomy":"post_tag","embeddable":true,"href":"https:\/\/powiatwwl.pl\/index.php?rest_route=%2Fwp%2Fv2%2Ftags&post=464"}],"curies":[{"name":"wp","href":"https:\/\/api.w.org\/{rel}","templated":true}]}}