{"id":753,"date":"2026-02-11T20:31:38","date_gmt":"2026-02-11T19:31:38","guid":{"rendered":"http:\/\/powiatwwl.pl\/?p=753"},"modified":"2026-03-01T20:59:53","modified_gmt":"2026-03-01T19:59:53","slug":"zarzad-powiatu-wolominskiego-luty-2026","status":"publish","type":"post","link":"https:\/\/powiatwwl.pl\/?p=753","title":{"rendered":"Zarz\u0105d Powiatu Wo\u0142omi\u0144skiego, luty 2026"},"content":{"rendered":"\n<p><strong><a href=\"https:\/\/www.facebook.com\/reel\/1338275688321198\">INTRO<\/a><\/strong><\/p>\n\n\n\n<p>Informacje z posiedzenia Zarz\u0105du Powiatu Wo\u0142omi\u0144skiego:<\/p>\n\n\n<div class=\"wp-block-image\">\n<figure class=\"aligncenter size-full\"><img loading=\"lazy\" decoding=\"async\" width=\"810\" height=\"450\" src=\"https:\/\/powiatwwl.pl\/wp-content\/uploads\/2026\/02\/TKR.jpg\" alt=\"\" class=\"wp-image-756\" srcset=\"https:\/\/powiatwwl.pl\/wp-content\/uploads\/2026\/02\/TKR.jpg 810w, https:\/\/powiatwwl.pl\/wp-content\/uploads\/2026\/02\/TKR-300x167.jpg 300w, https:\/\/powiatwwl.pl\/wp-content\/uploads\/2026\/02\/TKR-768x427.jpg 768w\" sizes=\"auto, (max-width: 810px) 100vw, 810px\" \/><\/figure>\n<\/div>\n\n\n<p>Zarz\u0105d podj\u0105\u0142 decyzj\u0119 w poni\u017cszych sprawach:<\/p>\n\n\n\n<p><strong>Zdecydowali\u015bmy <\/strong>o przyznaniu dodatkowych etat\u00f3w dla Wydzia\u0142u Komunikacji \u2013 2 etat\u00f3w urz\u0119dniczych oraz 3 etat\u00f3w pomocniczych. Wydzia\u0142 obs\u0142uguje mieszka\u0144c\u00f3w w 5 lokalizacjach, przyjmuj\u0105c tygodniowo ok. 2500\u20133000 mieszka\u0144c\u00f3w (minimum 500 os\u00f3b dziennie). Zwi\u0119kszenie liczby pracownik\u00f3w to kolejny krok w stron\u0119 jeszcze lepszej obs\u0142ugi, kr\u00f3tszego czasu oczekiwania na wizyt\u0119 i wy\u017cszego komfortu dla mieszka\u0144c\u00f3w. Stale pracujemy nad podnoszeniem standard\u00f3w i usprawnianiem codziennej obs\u0142ugi. Ju\u017c dzi\u015b obserwujemy skr\u00f3cone czasy oczekiwania, co oczywi\u015bcie bardzo nas cieszy.<\/p>\n\n\n\n<p><strong>Zwi\u0119kszyli\u015bmy<\/strong> \u015brodki finansowe w wysoko\u015bci 100 000 z\u0142 w na remont chodnika w miejscowo\u015bci Chrz\u0119sne, Gmina T\u0142uszcz<\/p>\n\n\n\n<p><strong>Udzielili\u015bmy<\/strong> pe\u0142nomocnictwa szczeg\u00f3lnego dyrektorowi Zesp\u00f3\u0142 Szk\u00f3\u0142 Ekonomicznych w Wo\u0142ominie im. Stanis\u0142awa Staszica w Wo\u0142ominie do samodzielnego reprezentowania Powiatu Wo\u0142omi\u0144skiego we wszelkich relacjach z Fundacja Rozwoju Systemu Edukacji w Warszawie dotycz\u0105cych udzia\u0142u szko\u0142y w Programie Erasmus+<\/p>\n\n\n\n<p><strong>Zapoznali\u015bmy<\/strong> si\u0119 z uwagami mieszka\u0144c\u00f3w do koncepcji nowego \u015bladu drogi powiatowej Krubki \u2013 G\u00f3rki \u2013 Zabraniec (Gmina Po\u015bwi\u0119tne). Uwagi te przeka\u017cemy W\u00f3jtowi Gminy Po\u015bwi\u0119tne, aby m\u00f3g\u0142 si\u0119 do nich odnie\u015b\u0107 i wsp\u00f3lnie wypracowa\u0107 najlepsze rozwi\u0105zania<\/p>\n\n\n\n<hr class=\"wp-block-separator aligncenter has-alpha-channel-opacity\"\/>\n\n\n<div class=\"wp-block-image\">\n<figure class=\"alignleft size-large is-resized\"><img loading=\"lazy\" decoding=\"async\" width=\"1024\" height=\"1024\" src=\"https:\/\/powiatwwl.pl\/wp-content\/uploads\/2026\/02\/TOMEK-1024x1024.jpg\" alt=\"\" class=\"wp-image-210\" style=\"width:101px;height:auto\" srcset=\"https:\/\/powiatwwl.pl\/wp-content\/uploads\/2026\/02\/TOMEK-1024x1024.jpg 1024w, https:\/\/powiatwwl.pl\/wp-content\/uploads\/2026\/02\/TOMEK-300x300.jpg 300w, https:\/\/powiatwwl.pl\/wp-content\/uploads\/2026\/02\/TOMEK-150x150.jpg 150w, https:\/\/powiatwwl.pl\/wp-content\/uploads\/2026\/02\/TOMEK-768x768.jpg 768w, https:\/\/powiatwwl.pl\/wp-content\/uploads\/2026\/02\/TOMEK-1536x1536.jpg 1536w, https:\/\/powiatwwl.pl\/wp-content\/uploads\/2026\/02\/TOMEK-80x80.jpg 80w, https:\/\/powiatwwl.pl\/wp-content\/uploads\/2026\/02\/TOMEK-320x320.jpg 320w, https:\/\/powiatwwl.pl\/wp-content\/uploads\/2026\/02\/TOMEK.jpg 2048w\" sizes=\"auto, (max-width: 1024px) 100vw, 1024px\" \/><\/figure>\n<\/div>\n\n\n<h2 class=\"wp-block-heading has-text-align-left\"><a href=\"https:\/\/www.facebook.com\/profile.php?id=61561185435479\">TOMASZ KALATA<\/a><\/h2>\n\n\n\n<p><\/p>\n","protected":false},"excerpt":{"rendered":"<p>Zdecydowali\u015bmy o przyznaniu dodatkowych etat\u00f3w dla Wydzia\u0142u Komunikacji \u2013 2 etat\u00f3w urz\u0119dniczych oraz 3 etat\u00f3w pomocniczych. Wydzia\u0142 obs\u0142uguje mieszka\u0144c\u00f3w w 5 lokalizacjach, przyjmuj\u0105c tygodniowo ok. 2500\u20133000 mieszka\u0144c\u00f3w (minimum 500 os\u00f3b dziennie). Zwi\u0119kszenie liczby pracownik\u00f3w to kolejny krok w stron\u0119 jeszcze lepszej obs\u0142ugi, kr\u00f3tszego czasu oczekiwania na wizyt\u0119 i wy\u017cszego komfortu dla mieszka\u0144c\u00f3w. Stale pracujemy nad podnoszeniem standard\u00f3w i usprawnianiem codziennej obs\u0142ugi. Ju\u017c dzi\u015b obserwujemy skr\u00f3cone czasy oczekiwania, co oczywi\u015bcie bardzo nas cieszy.<\/p>\n","protected":false},"author":1,"featured_media":756,"comment_status":"open","ping_status":"open","sticky":false,"template":"","format":"standard","meta":{"footnotes":""},"categories":[1],"tags":[],"class_list":["post-753","post","type-post","status-publish","format-standard","has-post-thumbnail","hentry","category-aktualnosci"],"_links":{"self":[{"href":"https:\/\/powiatwwl.pl\/index.php?rest_route=\/wp\/v2\/posts\/753","targetHints":{"allow":["GET"]}}],"collection":[{"href":"https:\/\/powiatwwl.pl\/index.php?rest_route=\/wp\/v2\/posts"}],"about":[{"href":"https:\/\/powiatwwl.pl\/index.php?rest_route=\/wp\/v2\/types\/post"}],"author":[{"embeddable":true,"href":"https:\/\/powiatwwl.pl\/index.php?rest_route=\/wp\/v2\/users\/1"}],"replies":[{"embeddable":true,"href":"https:\/\/powiatwwl.pl\/index.php?rest_route=%2Fwp%2Fv2%2Fcomments&post=753"}],"version-history":[{"count":7,"href":"https:\/\/powiatwwl.pl\/index.php?rest_route=\/wp\/v2\/posts\/753\/revisions"}],"predecessor-version":[{"id":1625,"href":"https:\/\/powiatwwl.pl\/index.php?rest_route=\/wp\/v2\/posts\/753\/revisions\/1625"}],"wp:featuredmedia":[{"embeddable":true,"href":"https:\/\/powiatwwl.pl\/index.php?rest_route=\/wp\/v2\/media\/756"}],"wp:attachment":[{"href":"https:\/\/powiatwwl.pl\/index.php?rest_route=%2Fwp%2Fv2%2Fmedia&parent=753"}],"wp:term":[{"taxonomy":"category","embeddable":true,"href":"https:\/\/powiatwwl.pl\/index.php?rest_route=%2Fwp%2Fv2%2Fcategories&post=753"},{"taxonomy":"post_tag","embeddable":true,"href":"https:\/\/powiatwwl.pl\/index.php?rest_route=%2Fwp%2Fv2%2Ftags&post=753"}],"curies":[{"name":"wp","href":"https:\/\/api.w.org\/{rel}","templated":true}]}}