{"id":773,"date":"2026-02-28T12:59:31","date_gmt":"2026-02-28T11:59:31","guid":{"rendered":"http:\/\/powiatwwl.pl\/?p=773"},"modified":"2026-03-01T20:50:27","modified_gmt":"2026-03-01T19:50:27","slug":"2-492-252-zl-dla-powiatu-wolominskiego","status":"publish","type":"post","link":"https:\/\/powiatwwl.pl\/?p=773","title":{"rendered":"2 492 252 z\u0142 dla Powiatu Wo\u0142omi\u0144skiego !"},"content":{"rendered":"<div class=\"wp-block-image\">\n<figure class=\"aligncenter size-full\"><img loading=\"lazy\" decoding=\"async\" width=\"810\" height=\"450\" src=\"https:\/\/powiatwwl.pl\/wp-content\/uploads\/2026\/02\/tk-2.jpg\" alt=\"\" class=\"wp-image-774\" srcset=\"https:\/\/powiatwwl.pl\/wp-content\/uploads\/2026\/02\/tk-2.jpg 810w, https:\/\/powiatwwl.pl\/wp-content\/uploads\/2026\/02\/tk-2-300x167.jpg 300w, https:\/\/powiatwwl.pl\/wp-content\/uploads\/2026\/02\/tk-2-768x427.jpg 768w\" sizes=\"auto, (max-width: 810px) 100vw, 810px\" \/><\/figure>\n<\/div>\n\n\n<p>Powiat Wo\u0142omi\u0144ski otrzyma \ud835\udfee \ud835\udff0\ud835\udff5\ud835\udfee \ud835\udfee\ud835\udff1\ud835\udfee z\u0142 dofinansowania z Funduszu Rozwoju Przewoz\u00f3w Autobusowych na realizacj\u0119 powiatowych przewoz\u00f3w autobusowych w 2026 roku. \u015arodki przekazane przez Mazowiecki Urz\u0105d Wojew\u00f3dzki pozwol\u0105 utrzyma\u0107 i rozwija\u0107 po\u0142\u0105czenia autobusowe na terenie naszego powiatu \u2013 tak, aby mieszka\u0144cy mieli dost\u0119p do transportu publicznego, niezale\u017cnie od miejsca zamieszkania.<\/p>\n\n\n\n<p><br>Na terenie powiatu funkcjonuje obecnie 8 bezp\u0142atnych powiatowych linii autobusowych na trasach:<\/p>\n\n\n\n<p>&nbsp;1. Radzymin &#8211; Klemb\u00f3w &#8211; Po\u015bwi\u0119tne<\/p>\n\n\n\n<p>&nbsp;2. Radzymin &#8211; Wola Rasztowska &#8211; T\u0142uszcz<\/p>\n\n\n\n<p>&nbsp;3. T\u0142uszcz &#8211; Mi\u0119dzyle\u015b &#8211; Strach\u00f3wka<\/p>\n\n\n\n<p>&nbsp;4. T\u0142uszcz &#8211; Strach\u00f3wka &#8211; Strach\u00f3w<\/p>\n\n\n\n<p>&nbsp;5. Wo\u0142omin &#8211; Zabraniec &#8211; Po\u015bwi\u0119tne<\/p>\n\n\n\n<p>&nbsp;6. Wo\u0142omin &#8211; T\u0142uszcz &#8211; Jad\u00f3w<\/p>\n\n\n\n<p>&nbsp;7. Wo\u0142omin &#8211; Radzymin &#8211; Nowe Za\u0142ubice<\/p>\n\n\n\n<p><br><em>oraz nowo uruchomiona linia w 2026 r. relacji: &nbsp;<\/em><\/p>\n\n\n\n<p>8. Wo\u0142omin \u2013 Wola Rasztowska \u2013 D\u0105br\u00f3wka.<\/p>\n\n\n<div class=\"wp-block-image\">\n<figure class=\"aligncenter size-full\"><img loading=\"lazy\" decoding=\"async\" width=\"678\" height=\"443\" src=\"https:\/\/powiatwwl.pl\/wp-content\/uploads\/2026\/02\/20220105112109autobusliniiL7.jpg_678-443.jpg\" alt=\"\" class=\"wp-image-777\" srcset=\"https:\/\/powiatwwl.pl\/wp-content\/uploads\/2026\/02\/20220105112109autobusliniiL7.jpg_678-443.jpg 678w, https:\/\/powiatwwl.pl\/wp-content\/uploads\/2026\/02\/20220105112109autobusliniiL7.jpg_678-443-300x196.jpg 300w\" sizes=\"auto, (max-width: 678px) 100vw, 678px\" \/><\/figure>\n<\/div>\n\n\n<p><br>Ca\u0142kowity \ud835\uddf8\ud835\uddfc\ud835\ude00\ud835\ude07\ud835\ude01 \ud835\uddff\ud835\uddf2\ud835\uddee\ud835\uddf9\ud835\uddf6\ud835\ude07\ud835\uddee\ud835\uddf0\ud835\uddf7\ud835\uddf6 \ud835\ude07\ud835\uddee\ud835\uddf1\ud835\uddee\ud835\uddfb\ud835\uddf6\ud835\uddee \ud835\ude04\ud835\ude06\ud835\uddfb\ud835\uddfc\ud835\ude00\ud835\uddf6 \ud835\udff0 \ud835\udff3\ud835\udfef\ud835\udff1 \ud835\udfee\ud835\udff3\ud835\udff5,\ud835\udff1\ud835\udff2 \ud835\ude07\u0142, co pokazuje skal\u0119 przedsi\u0119wzi\u0119cia oraz zaanga\u017cowanie \u015brodk\u00f3w w\u0142asnych w zapewnienie mieszka\u0144com dost\u0119pu do transportu publicznego.\/TK\/<\/p>\n\n\n\n<hr class=\"wp-block-separator aligncenter has-alpha-channel-opacity\"\/>\n\n\n\n<p><\/p>\n\n\n<div class=\"wp-block-image\">\n<figure class=\"alignleft size-large is-resized\"><img loading=\"lazy\" decoding=\"async\" width=\"1024\" height=\"1024\" src=\"https:\/\/powiatwwl.pl\/wp-content\/uploads\/2026\/02\/TOMEK-1024x1024.jpg\" alt=\"\" class=\"wp-image-210\" style=\"width:110px;height:auto\" srcset=\"https:\/\/powiatwwl.pl\/wp-content\/uploads\/2026\/02\/TOMEK-1024x1024.jpg 1024w, https:\/\/powiatwwl.pl\/wp-content\/uploads\/2026\/02\/TOMEK-300x300.jpg 300w, https:\/\/powiatwwl.pl\/wp-content\/uploads\/2026\/02\/TOMEK-150x150.jpg 150w, https:\/\/powiatwwl.pl\/wp-content\/uploads\/2026\/02\/TOMEK-768x768.jpg 768w, https:\/\/powiatwwl.pl\/wp-content\/uploads\/2026\/02\/TOMEK-1536x1536.jpg 1536w, https:\/\/powiatwwl.pl\/wp-content\/uploads\/2026\/02\/TOMEK-80x80.jpg 80w, https:\/\/powiatwwl.pl\/wp-content\/uploads\/2026\/02\/TOMEK-320x320.jpg 320w, https:\/\/powiatwwl.pl\/wp-content\/uploads\/2026\/02\/TOMEK.jpg 2048w\" sizes=\"auto, (max-width: 1024px) 100vw, 1024px\" \/><\/figure>\n<\/div>\n\n\n<h2 class=\"wp-block-heading\"><a href=\"https:\/\/www.facebook.com\/profile.php?id=61561185435479\"><strong>TOMASZ KALATA<\/strong><\/a><\/h2>\n\n\n\n<p><\/p>\n","protected":false},"excerpt":{"rendered":"<p>Powiat Wo\u0142omi\u0144ski otrzyma \ud835\udfee \ud835\udff0\ud835\udff5\ud835\udfee \ud835\udfee\ud835\udff1\ud835\udfee z\u0142 dofinansowania z Funduszu Rozwoju Przewoz\u00f3w Autobusowych na realizacj\u0119 powiatowych przewoz\u00f3w autobusowych w 2026 roku. \u015arodki przekazane przez Mazowiecki Urz\u0105d Wojew\u00f3dzki pozwol\u0105 utrzyma\u0107 i rozwija\u0107 po\u0142\u0105czenia autobusowe na terenie naszego powiatu \u2013 tak, aby mieszka\u0144cy mieli dost\u0119p do transportu publicznego, niezale\u017cnie od miejsca zamieszkania.<\/p>\n","protected":false},"author":1,"featured_media":908,"comment_status":"open","ping_status":"open","sticky":false,"template":"","format":"standard","meta":{"footnotes":""},"categories":[1],"tags":[],"class_list":["post-773","post","type-post","status-publish","format-standard","has-post-thumbnail","hentry","category-aktualnosci"],"_links":{"self":[{"href":"https:\/\/powiatwwl.pl\/index.php?rest_route=\/wp\/v2\/posts\/773","targetHints":{"allow":["GET"]}}],"collection":[{"href":"https:\/\/powiatwwl.pl\/index.php?rest_route=\/wp\/v2\/posts"}],"about":[{"href":"https:\/\/powiatwwl.pl\/index.php?rest_route=\/wp\/v2\/types\/post"}],"author":[{"embeddable":true,"href":"https:\/\/powiatwwl.pl\/index.php?rest_route=\/wp\/v2\/users\/1"}],"replies":[{"embeddable":true,"href":"https:\/\/powiatwwl.pl\/index.php?rest_route=%2Fwp%2Fv2%2Fcomments&post=773"}],"version-history":[{"count":7,"href":"https:\/\/powiatwwl.pl\/index.php?rest_route=\/wp\/v2\/posts\/773\/revisions"}],"predecessor-version":[{"id":1617,"href":"https:\/\/powiatwwl.pl\/index.php?rest_route=\/wp\/v2\/posts\/773\/revisions\/1617"}],"wp:featuredmedia":[{"embeddable":true,"href":"https:\/\/powiatwwl.pl\/index.php?rest_route=\/wp\/v2\/media\/908"}],"wp:attachment":[{"href":"https:\/\/powiatwwl.pl\/index.php?rest_route=%2Fwp%2Fv2%2Fmedia&parent=773"}],"wp:term":[{"taxonomy":"category","embeddable":true,"href":"https:\/\/powiatwwl.pl\/index.php?rest_route=%2Fwp%2Fv2%2Fcategories&post=773"},{"taxonomy":"post_tag","embeddable":true,"href":"https:\/\/powiatwwl.pl\/index.php?rest_route=%2Fwp%2Fv2%2Ftags&post=773"}],"curies":[{"name":"wp","href":"https:\/\/api.w.org\/{rel}","templated":true}]}}