{"id":836,"date":"2026-02-13T09:36:01","date_gmt":"2026-02-13T08:36:01","guid":{"rendered":"http:\/\/powiatwwl.pl\/?p=836"},"modified":"2026-03-01T20:57:45","modified_gmt":"2026-03-01T19:57:45","slug":"zloty-certyfikat","status":"publish","type":"post","link":"https:\/\/powiatwwl.pl\/?p=836","title":{"rendered":"Z\u0141OTY CERTYFIKAT"},"content":{"rendered":"<div class=\"wp-block-image\">\n<figure class=\"alignleft size-large is-resized\"><img loading=\"lazy\" decoding=\"async\" width=\"819\" height=\"1024\" src=\"https:\/\/powiatwwl.pl\/wp-content\/uploads\/2026\/02\/630569951_1359083302902207_6119851535404405841_n-819x1024.jpg\" alt=\"\" class=\"wp-image-829\" style=\"aspect-ratio:0.7998245998684499;width:190px;height:auto\" srcset=\"https:\/\/powiatwwl.pl\/wp-content\/uploads\/2026\/02\/630569951_1359083302902207_6119851535404405841_n-819x1024.jpg 819w, https:\/\/powiatwwl.pl\/wp-content\/uploads\/2026\/02\/630569951_1359083302902207_6119851535404405841_n-240x300.jpg 240w, https:\/\/powiatwwl.pl\/wp-content\/uploads\/2026\/02\/630569951_1359083302902207_6119851535404405841_n-768x960.jpg 768w, https:\/\/powiatwwl.pl\/wp-content\/uploads\/2026\/02\/630569951_1359083302902207_6119851535404405841_n-1229x1536.jpg 1229w, https:\/\/powiatwwl.pl\/wp-content\/uploads\/2026\/02\/630569951_1359083302902207_6119851535404405841_n.jpg 1500w\" sizes=\"auto, (max-width: 819px) 100vw, 819px\" \/><\/figure>\n<\/div>\n\n\n<p>Podczas konferencja organizacji Angels w pi\u0119knych s\u0142owach wypowiadano si\u0119 o Oddziale Neurologii w Szpitalu w Wo\u0142ominie. To docenienie profesjonalnych dzia\u0142a\u0144 ca\u0142ego zespo\u0142u na rzecz pacjent\u00f3w z udarami, na czele z dr Micha\u0142em Mortonem. Podczas wydarzenia dr Klaudia Rabek, neurolo\u017cka naszego oddzia\u0142u, przedstawi\u0142a prezentacj\u0119 o wzorowej wsp\u00f3\u0142pracy mi\u0119dzy SOR, Zespo\u0142em Ratownictwa Medycznego i Oddzia\u0142u Neurologicznego w Szpitalu. Wielkie gratulacje dla Zespo\u0142\u00f3w Oddzia\u0142u Neurologii oraz SOR za skuteczne po\u0142\u0105czenie si\u0142 na rzecz pacjent\u00f3w z udarem!<\/p>\n\n\n\n<p>Czym jest Program Angels?To mi\u0119dzynarodowy projekt, kt\u00f3ry skupia si\u0119 na zapewnieniu pacjentowi dost\u0119pu do nowoczesnej i kompleksowej opieki udarowej. Oddzia\u0142y zaproszone do wsp\u00f3\u0142pracy, to te, kt\u00f3re przestrzegaj\u0105 najwy\u017cszych standard\u00f3w w leczeniu chorych z powodu udaru m\u00f3zgu.<\/p>\n\n\n\n<p>Certyfikat Inicjatywy ANGELS \u2013 presti\u017cowe wyr\u00f3\u017cnienie, kt\u00f3re potwierdza, \u017ce nasze Zespo\u0142y dzia\u0142aj\u0105 wed\u0142ug najwy\u017cszych \u015bwiatowych standard\u00f3w.<\/p>\n\n\n<div class=\"wp-block-image\">\n<figure class=\"aligncenter size-large is-resized\"><img loading=\"lazy\" decoding=\"async\" width=\"1024\" height=\"768\" src=\"https:\/\/powiatwwl.pl\/wp-content\/uploads\/2026\/02\/633775935_1359110579566146_626239327550455086_n-1024x768.jpg\" alt=\"\" class=\"wp-image-838\" style=\"width:787px;height:auto\" srcset=\"https:\/\/powiatwwl.pl\/wp-content\/uploads\/2026\/02\/633775935_1359110579566146_626239327550455086_n-1024x768.jpg 1024w, https:\/\/powiatwwl.pl\/wp-content\/uploads\/2026\/02\/633775935_1359110579566146_626239327550455086_n-300x225.jpg 300w, https:\/\/powiatwwl.pl\/wp-content\/uploads\/2026\/02\/633775935_1359110579566146_626239327550455086_n-768x576.jpg 768w, https:\/\/powiatwwl.pl\/wp-content\/uploads\/2026\/02\/633775935_1359110579566146_626239327550455086_n-1536x1152.jpg 1536w, https:\/\/powiatwwl.pl\/wp-content\/uploads\/2026\/02\/633775935_1359110579566146_626239327550455086_n.jpg 1600w\" sizes=\"auto, (max-width: 1024px) 100vw, 1024px\" \/><\/figure>\n<\/div>\n\n\n<hr class=\"wp-block-separator aligncenter has-alpha-channel-opacity\"\/>\n\n\n<div class=\"wp-block-image\">\n<figure class=\"alignleft size-full is-resized\"><img loading=\"lazy\" decoding=\"async\" width=\"986\" height=\"986\" src=\"https:\/\/powiatwwl.pl\/wp-content\/uploads\/2026\/02\/471215420_1097417855172626_438410656441550007_n.jpg\" alt=\"\" class=\"wp-image-306\" style=\"width:109px;height:auto\" srcset=\"https:\/\/powiatwwl.pl\/wp-content\/uploads\/2026\/02\/471215420_1097417855172626_438410656441550007_n.jpg 986w, https:\/\/powiatwwl.pl\/wp-content\/uploads\/2026\/02\/471215420_1097417855172626_438410656441550007_n-300x300.jpg 300w, https:\/\/powiatwwl.pl\/wp-content\/uploads\/2026\/02\/471215420_1097417855172626_438410656441550007_n-150x150.jpg 150w, https:\/\/powiatwwl.pl\/wp-content\/uploads\/2026\/02\/471215420_1097417855172626_438410656441550007_n-768x768.jpg 768w, https:\/\/powiatwwl.pl\/wp-content\/uploads\/2026\/02\/471215420_1097417855172626_438410656441550007_n-80x80.jpg 80w, https:\/\/powiatwwl.pl\/wp-content\/uploads\/2026\/02\/471215420_1097417855172626_438410656441550007_n-320x320.jpg 320w\" sizes=\"auto, (max-width: 986px) 100vw, 986px\" \/><\/figure>\n<\/div>\n\n\n<h2 class=\"wp-block-heading has-text-align-left\"><strong><a href=\"https:\/\/szpitalwolomin.pl\/\">SZPITAL w WO\u0141OMINIE<\/a><\/strong><\/h2>\n\n\n\n<p><\/p>\n","protected":false},"excerpt":{"rendered":"<p>Podczas konferencja organizacji Angels w pi\u0119knych s\u0142owach wypowiadano si\u0119 o Oddziale Neurologii w Szpitalu w Wo\u0142ominie. To docenienie profesjonalnych dzia\u0142a\u0144 ca\u0142ego zespo\u0142u na rzecz pacjent\u00f3w z udarami, na czele z dr Micha\u0142em Mortonem. Podczas wydarzenia dr Klaudia Rabek, neurolo\u017cka naszego oddzia\u0142u, przedstawi\u0142a prezentacj\u0119 o wzorowej wsp\u00f3\u0142pracy mi\u0119dzy SOR, Zespo\u0142em Ratownictwa Medycznego i Oddzia\u0142u Neurologicznego w Szpitalu. Wielkie gratulacje dla Zespo\u0142\u00f3w Oddzia\u0142u Neurologii oraz SOR za skuteczne po\u0142\u0105czenie si\u0142 na rzecz pacjent\u00f3w z udarem!<\/p>\n","protected":false},"author":1,"featured_media":829,"comment_status":"open","ping_status":"open","sticky":false,"template":"","format":"standard","meta":{"footnotes":""},"categories":[1],"tags":[],"class_list":["post-836","post","type-post","status-publish","format-standard","has-post-thumbnail","hentry","category-aktualnosci"],"_links":{"self":[{"href":"https:\/\/powiatwwl.pl\/index.php?rest_route=\/wp\/v2\/posts\/836","targetHints":{"allow":["GET"]}}],"collection":[{"href":"https:\/\/powiatwwl.pl\/index.php?rest_route=\/wp\/v2\/posts"}],"about":[{"href":"https:\/\/powiatwwl.pl\/index.php?rest_route=\/wp\/v2\/types\/post"}],"author":[{"embeddable":true,"href":"https:\/\/powiatwwl.pl\/index.php?rest_route=\/wp\/v2\/users\/1"}],"replies":[{"embeddable":true,"href":"https:\/\/powiatwwl.pl\/index.php?rest_route=%2Fwp%2Fv2%2Fcomments&post=836"}],"version-history":[{"count":5,"href":"https:\/\/powiatwwl.pl\/index.php?rest_route=\/wp\/v2\/posts\/836\/revisions"}],"predecessor-version":[{"id":1623,"href":"https:\/\/powiatwwl.pl\/index.php?rest_route=\/wp\/v2\/posts\/836\/revisions\/1623"}],"wp:featuredmedia":[{"embeddable":true,"href":"https:\/\/powiatwwl.pl\/index.php?rest_route=\/wp\/v2\/media\/829"}],"wp:attachment":[{"href":"https:\/\/powiatwwl.pl\/index.php?rest_route=%2Fwp%2Fv2%2Fmedia&parent=836"}],"wp:term":[{"taxonomy":"category","embeddable":true,"href":"https:\/\/powiatwwl.pl\/index.php?rest_route=%2Fwp%2Fv2%2Fcategories&post=836"},{"taxonomy":"post_tag","embeddable":true,"href":"https:\/\/powiatwwl.pl\/index.php?rest_route=%2Fwp%2Fv2%2Ftags&post=836"}],"curies":[{"name":"wp","href":"https:\/\/api.w.org\/{rel}","templated":true}]}}