{"id":912,"date":"2026-02-28T17:58:00","date_gmt":"2026-02-28T16:58:00","guid":{"rendered":"http:\/\/powiatwwl.pl\/?p=912"},"modified":"2026-03-01T19:41:50","modified_gmt":"2026-03-01T18:41:50","slug":"v-edycja-voice-powiat","status":"publish","type":"post","link":"https:\/\/powiatwwl.pl\/?p=912","title":{"rendered":"V edycja The VOICE of POWIAT"},"content":{"rendered":"\n<figure class=\"wp-block-image size-large\"><img loading=\"lazy\" decoding=\"async\" width=\"1024\" height=\"576\" src=\"https:\/\/powiatwwl.pl\/wp-content\/uploads\/2026\/02\/628778748_1607639847596244_6550460940218081572_n-1024x576.jpg\" alt=\"\" class=\"wp-image-913\" srcset=\"https:\/\/powiatwwl.pl\/wp-content\/uploads\/2026\/02\/628778748_1607639847596244_6550460940218081572_n-1024x576.jpg 1024w, https:\/\/powiatwwl.pl\/wp-content\/uploads\/2026\/02\/628778748_1607639847596244_6550460940218081572_n-300x169.jpg 300w, https:\/\/powiatwwl.pl\/wp-content\/uploads\/2026\/02\/628778748_1607639847596244_6550460940218081572_n-768x432.jpg 768w, https:\/\/powiatwwl.pl\/wp-content\/uploads\/2026\/02\/628778748_1607639847596244_6550460940218081572_n-1536x864.jpg 1536w, https:\/\/powiatwwl.pl\/wp-content\/uploads\/2026\/02\/628778748_1607639847596244_6550460940218081572_n.jpg 2048w\" sizes=\"auto, (max-width: 1024px) 100vw, 1024px\" \/><\/figure>\n\n\n\n<p>Z ogromn\u0105 rado\u015bci\u0105 og\u0142aszamy start pi\u0105tej edycji konkursu wokalnego, kt\u00f3ry od lat odkrywa, wspiera i promuje m\u0142ode talenty Powiatu Wo\u0142omi\u0144skiego. Je\u015bli \u015bpiew to Twoja pasja, a scena jest miejscem, w kt\u00f3rym czujesz si\u0119 najlepiej \u2013 czekamy na Ciebie !!!<a href=\"https:\/\/www.facebook.com\/groups\/478421148939150\/user\/100063608055300\/?__cft__[0]=AZZscaEmqFDA1x5Qk801VVM1vHdzvhXbc102dQHQQdq53SLGt9GdVXNOCGgCKtk4s8E6R4cLM15UqQoXWFx7mdwg4ppUj34v4LmdNx1ixJbh4w_-K6zSlDxuNqBBF9IhzDEoBpP6IO0GVkecYYJruHz6nfFZc_XGd784Lm1Hvv0g0A&amp;__tn__=-]K-R\">Arkadiusz Werelich &#8211; starosta wo\u0142omi\u0144ski<\/a> oraz Katarzyna Rutkowska \u2013 Dyrektor Powiatowego Centrum Kultury Fabryczka zapraszaj\u0105 m\u0142odych, utalentowanych mieszka\u0144c\u00f3w naszego Powiatu do wzi\u0119cia udzia\u0142u w V edycji konkursu wokalnego The Voice of Powiat !!! Partnerem wydarzenia jest Samorz\u0105d Wojew\u00f3dztwa Mazowieckiego.<\/p>\n\n\n\n<p>Konkurs przebiega w dw\u00f3ch etapach:<\/p>\n\n\n\n<p>I ETAP: 14.02.2026 r. \u2013 08.03.2026 r. \u2013 przyjmowanie zg\u0142osze\u0144 konkursowych<\/p>\n\n\n\n<p>II ETAP \u2013 FINA\u0141: 12.04.2026 r. \u2013 przes\u0142uchania na \u017cywo przed 3-osobowym Jury.<\/p>\n\n\n\n<p>W Jury zasi\u0105d\u0105 wybitni arty\u015bci i muzycy:<\/p>\n\n\n\n<p><a href=\"https:\/\/www.facebook.com\/groups\/478421148939150\/user\/100063451638648\/?__cft__[0]=AZZscaEmqFDA1x5Qk801VVM1vHdzvhXbc102dQHQQdq53SLGt9GdVXNOCGgCKtk4s8E6R4cLM15UqQoXWFx7mdwg4ppUj34v4LmdNx1ixJbh4w_-K6zSlDxuNqBBF9IhzDEoBpP6IO0GVkecYYJruHz6nfFZc_XGd784Lm1Hvv0g0A&amp;__tn__=-]K-R\">Ania Szarmach<\/a> \u2013 wokalistka, kompozytorka, producentka, autorka tekst\u00f3w,<\/p>\n\n\n\n<p><a href=\"https:\/\/www.facebook.com\/groups\/478421148939150\/user\/100045049305491\/?__cft__[0]=AZZscaEmqFDA1x5Qk801VVM1vHdzvhXbc102dQHQQdq53SLGt9GdVXNOCGgCKtk4s8E6R4cLM15UqQoXWFx7mdwg4ppUj34v4LmdNx1ixJbh4w_-K6zSlDxuNqBBF9IhzDEoBpP6IO0GVkecYYJruHz6nfFZc_XGd784Lm1Hvv0g0A&amp;__tn__=-]K-R\">Kamil Bijo\u015b<\/a> \u2013 wokalista, autor tekst\u00f3w, kompozytor,<\/p>\n\n\n\n<p>Kacper Stolarczyk \u2013 gitarzysta, kompozytor, muzyk sesyjny.<\/p>\n\n\n\n<p>Jury oceni m.in.:<\/p>\n\n\n\n<p><img loading=\"lazy\" decoding=\"async\" height=\"16\" width=\"16\" alt=\"\u2714\" src=\"https:\/\/static.xx.fbcdn.net\/images\/emoji.php\/v9\/t51\/1\/16\/2714.png\"> dob\u00f3r repertuaru adekwatny do wieku, mo\u017cliwo\u015bci wokalnych i emocjonalnych oraz osobowo\u015bci uczestnika<\/p>\n\n\n\n<p><img loading=\"lazy\" decoding=\"async\" height=\"16\" width=\"16\" alt=\"\u2714\" src=\"https:\/\/static.xx.fbcdn.net\/images\/emoji.php\/v9\/t51\/1\/16\/2714.png\"> poziom i jako\u015b\u0107 wykonania<\/p>\n\n\n\n<p><img loading=\"lazy\" decoding=\"async\" height=\"16\" width=\"16\" alt=\"\u2714\" src=\"https:\/\/static.xx.fbcdn.net\/images\/emoji.php\/v9\/t51\/1\/16\/2714.png\"> \u015bwiadomo\u015b\u0107 j\u0119zykow\u0105<\/p>\n\n\n\n<p><img loading=\"lazy\" decoding=\"async\" height=\"16\" width=\"16\" alt=\"\u2714\" src=\"https:\/\/static.xx.fbcdn.net\/images\/emoji.php\/v9\/t51\/1\/16\/2714.png\"> interpretacj\u0119 i intonacj\u0119<\/p>\n\n\n\n<p><img loading=\"lazy\" decoding=\"async\" height=\"16\" width=\"16\" alt=\"\u2714\" src=\"https:\/\/static.xx.fbcdn.net\/images\/emoji.php\/v9\/t51\/1\/16\/2714.png\"> walory wokalne<\/p>\n\n\n\n<p><img loading=\"lazy\" decoding=\"async\" height=\"16\" width=\"16\" alt=\"\u2714\" src=\"https:\/\/static.xx.fbcdn.net\/images\/emoji.php\/v9\/t51\/1\/16\/2714.png\"> og\u00f3lny wyraz artystyczny i aktorski<\/p>\n\n\n\n<p><img loading=\"lazy\" decoding=\"async\" height=\"16\" width=\"16\" alt=\"\u2757\" src=\"https:\/\/static.xx.fbcdn.net\/images\/emoji.php\/v9\/t50\/1\/16\/2757.png\"> Utw\u00f3r nie mo\u017ce zawiera\u0107 tre\u015bci wulgarnych.<\/p>\n\n\n\n<p><img loading=\"lazy\" decoding=\"async\" height=\"16\" width=\"16\" alt=\"\ud83d\udc65\" src=\"https:\/\/static.xx.fbcdn.net\/images\/emoji.php\/v9\/t8b\/1\/16\/1f465.png\"> Kategorie wiekowe konkursu:<\/p>\n\n\n\n<p><img loading=\"lazy\" decoding=\"async\" height=\"16\" width=\"16\" alt=\"\ud83d\udd39\" src=\"https:\/\/static.xx.fbcdn.net\/images\/emoji.php\/v9\/tf3\/1\/16\/1f539.png\"> 9\u201312 lat<\/p>\n\n\n\n<p><img loading=\"lazy\" decoding=\"async\" height=\"16\" width=\"16\" alt=\"\ud83d\udd39\" src=\"https:\/\/static.xx.fbcdn.net\/images\/emoji.php\/v9\/tf3\/1\/16\/1f539.png\"> 13\u201316 lat<\/p>\n\n\n\n<p><img loading=\"lazy\" decoding=\"async\" height=\"16\" width=\"16\" alt=\"\ud83d\udd39\" src=\"https:\/\/static.xx.fbcdn.net\/images\/emoji.php\/v9\/tf3\/1\/16\/1f539.png\"> 17\u201320 lat<\/p>\n\n\n\n<p>Przed przeslaniem zg\u0142oszenia prosimy o dok\u0142adne zapoznanie si\u0119 z regulaminem konkursu: Pe\u0142en Regulamin oraz za\u0142\u0105czniki do pobrania dost\u0119pne s\u0105 na stronie:<\/p>\n\n\n\n<hr class=\"wp-block-separator aligncenter has-alpha-channel-opacity\"\/>\n\n\n<div class=\"wp-block-image\">\n<figure class=\"alignleft size-full is-resized\"><img loading=\"lazy\" decoding=\"async\" width=\"236\" height=\"200\" src=\"https:\/\/powiatwwl.pl\/wp-content\/uploads\/2026\/02\/fabryczka-logo-3.png\" alt=\"\" class=\"wp-image-695\" style=\"width:110px;height:auto\"\/><\/figure>\n<\/div>\n\n\n<h2 class=\"wp-block-heading\"><strong><a href=\"http:\/\/www.fabryczka.com.pl\">FABRYCZKA<\/a><\/strong><\/h2>\n\n\n\n<p><\/p>\n","protected":false},"excerpt":{"rendered":"<p>Z ogromn\u0105 rado\u015bci\u0105 og\u0142aszamy start pi\u0105tej edycji konkursu wokalnego, kt\u00f3ry od lat odkrywa, wspiera i promuje m\u0142ode talenty Powiatu Wo\u0142omi\u0144skiego. Je\u015bli \u015bpiew to Twoja pasja, a scena jest miejscem, w kt\u00f3rym czujesz si\u0119 najlepiej \u2013 czekamy na Ciebie !!!Arkadiusz Werelich &#8211; starosta wo\u0142omi\u0144ski oraz Katarzyna Rutkowska \u2013 Dyrektor Powiatowego Centrum Kultury Fabryczka zapraszaj\u0105 m\u0142odych, utalentowanych mieszka\u0144c\u00f3w naszego Powiatu do wzi\u0119cia udzia\u0142u w V edycji konkursu wokalnego The Voice of Powiat !!! Partnerem wydarzenia jest Samorz\u0105d Wojew\u00f3dztwa Mazowieckiego.<\/p>\n","protected":false},"author":1,"featured_media":913,"comment_status":"open","ping_status":"open","sticky":false,"template":"","format":"standard","meta":{"footnotes":""},"categories":[1],"tags":[],"class_list":["post-912","post","type-post","status-publish","format-standard","has-post-thumbnail","hentry","category-aktualnosci"],"_links":{"self":[{"href":"https:\/\/powiatwwl.pl\/index.php?rest_route=\/wp\/v2\/posts\/912","targetHints":{"allow":["GET"]}}],"collection":[{"href":"https:\/\/powiatwwl.pl\/index.php?rest_route=\/wp\/v2\/posts"}],"about":[{"href":"https:\/\/powiatwwl.pl\/index.php?rest_route=\/wp\/v2\/types\/post"}],"author":[{"embeddable":true,"href":"https:\/\/powiatwwl.pl\/index.php?rest_route=\/wp\/v2\/users\/1"}],"replies":[{"embeddable":true,"href":"https:\/\/powiatwwl.pl\/index.php?rest_route=%2Fwp%2Fv2%2Fcomments&post=912"}],"version-history":[{"count":5,"href":"https:\/\/powiatwwl.pl\/index.php?rest_route=\/wp\/v2\/posts\/912\/revisions"}],"predecessor-version":[{"id":1590,"href":"https:\/\/powiatwwl.pl\/index.php?rest_route=\/wp\/v2\/posts\/912\/revisions\/1590"}],"wp:featuredmedia":[{"embeddable":true,"href":"https:\/\/powiatwwl.pl\/index.php?rest_route=\/wp\/v2\/media\/913"}],"wp:attachment":[{"href":"https:\/\/powiatwwl.pl\/index.php?rest_route=%2Fwp%2Fv2%2Fmedia&parent=912"}],"wp:term":[{"taxonomy":"category","embeddable":true,"href":"https:\/\/powiatwwl.pl\/index.php?rest_route=%2Fwp%2Fv2%2Fcategories&post=912"},{"taxonomy":"post_tag","embeddable":true,"href":"https:\/\/powiatwwl.pl\/index.php?rest_route=%2Fwp%2Fv2%2Ftags&post=912"}],"curies":[{"name":"wp","href":"https:\/\/api.w.org\/{rel}","templated":true}]}}