{"id":919,"date":"2026-02-13T15:48:08","date_gmt":"2026-02-13T14:48:08","guid":{"rendered":"http:\/\/powiatwwl.pl\/?p=919"},"modified":"2026-03-01T20:56:48","modified_gmt":"2026-03-01T19:56:48","slug":"konkurs-fotograficzny-rok-w-lesie","status":"publish","type":"post","link":"https:\/\/powiatwwl.pl\/?p=919","title":{"rendered":"Konkurs Fotograficzny &#8222;Rok w Lesie&#8221;"},"content":{"rendered":"<div class=\"wp-block-image\">\n<figure class=\"alignleft size-full is-resized\"><img loading=\"lazy\" decoding=\"async\" width=\"509\" height=\"720\" src=\"https:\/\/powiatwwl.pl\/wp-content\/uploads\/2026\/02\/634234156_1457952403001681_4620215906821764806_n.jpg\" alt=\"\" class=\"wp-image-920\" style=\"width:201px;height:auto\" srcset=\"https:\/\/powiatwwl.pl\/wp-content\/uploads\/2026\/02\/634234156_1457952403001681_4620215906821764806_n.jpg 509w, https:\/\/powiatwwl.pl\/wp-content\/uploads\/2026\/02\/634234156_1457952403001681_4620215906821764806_n-212x300.jpg 212w\" sizes=\"auto, (max-width: 509px) 100vw, 509px\" \/><\/figure>\n<\/div>\n\n\n<p>Starosta Wo\u0142omi\u0144ski Arkadiusz WERELICH zapraszam do udzia\u0142u w konkursie fotograficznym \u201eRok w lesie\u201d Na najlepsze zdj\u0119cia czekaj\u0105 nagrody i publikacja w kalendarzu powiatu na 2027 rok. Na zg\u0142oszenia czekamy do 31 lipca 2026 r.<\/p>\n\n\n\n<p>\ud835\udc3f\ud835\udc4e\ud835\udc60 \ud835\udc67\ud835\udc5a\ud835\udc56\ud835\udc52\ud835\udc5b\ud835\udc56\ud835\udc4e \ud835\udc60\ud835\udc56\ud835\udc52\u0328 \ud835\udc58\ud835\udc4e\ud835\udc67\u0307\ud835\udc51\ud835\udc52\ud835\udc54\ud835\udc5c \ud835\udc51\ud835\udc5b\ud835\udc56\ud835\udc4e. Wiosn\u0105 budzi si\u0119 do \u017cycia, latem t\u0119tni zieleni\u0105, jesieni\u0105 p\u0142onie kolorami, zim\u0105 cichnie pod bia\u0142\u0105 ko\u0142dr\u0105. Teraz mo\u017cecie uchwyci\u0107 te chwile i pokaza\u0107, jak wygl\u0105da \u201eRok w lesie\u201d w <a href=\"https:\/\/www.facebook.com\/Powiat.Wolominski?__cft__[0]=AZbq2_OoVgHcGQAfq_HYBuc-poXp2HBc5v1azR4m3TNEDaz19ZHgB8OyuG9eRct2sZFkuTHqBx1Y0o9CRNqoeeDSPKbqXyvLKY89Nd1DVBEFgGAvZxqUzbE2BH6JgqJUQdkTb1XJWSRfYYdEdJpnsOSYEmtlOGDtf4i3Wnq_wEUQ9vVQweiuCcJe--7VC0Y9DKs&amp;__tn__=-]K-R\">Powiat Wo\u0142omi\u0144ski<\/a>. <img loading=\"lazy\" decoding=\"async\" height=\"16\" width=\"16\" alt=\"\ud83c\udf33\" src=\"https:\/\/static.xx.fbcdn.net\/images\/emoji.php\/v9\/t6b\/1\/16\/1f333.png\"><img loading=\"lazy\" decoding=\"async\" height=\"16\" width=\"16\" alt=\"\ud83d\udcf8\" src=\"https:\/\/static.xx.fbcdn.net\/images\/emoji.php\/v9\/tde\/1\/16\/1f4f8.png\"><\/p>\n\n\n\n<p>Zapraszamy mieszka\u0144c\u00f3w do udzia\u0142u w powiatowym konkursie fotograficznym \u201eRok w lesie\u201d. Szukamy zdj\u0119\u0107, kt\u00f3re poka\u017c\u0105 pi\u0119kno naszych las\u00f3w \u2013 ich krajobrazy, ro\u015bliny, zwierz\u0119ta i grzyby, w ka\u017cdej porze roku. To okazja, by zatrzyma\u0107 w kadrze to, co cz\u0119sto umyka w codziennym po\u015bpiechu. Na uczestnik\u00f3w czekaj\u0105 nagrody rzeczowe i bony prezentowe, a najwy\u017cej ocenione fotografie zostan\u0105 opublikowane w kalendarzu Powiatu Wo\u0142omi\u0144skiego na 2027 rok.<\/p>\n\n\n\n<p>Zdj\u0119cia (maks. 4) wraz z kart\u0105 zg\u0142oszenia nale\u017cy przes\u0142a\u0107 na adres: zee.wos@powiat-wolominski.pl<\/p>\n\n\n\n<p>Szczeg\u00f3\u0142y : <strong><a href=\"https:\/\/samorzad.gov.pl\/web\/powiat-wolominski\/powiatowy-konkurs-fotograficzny-rok-w-lesie?fbclid=IwY2xjawP8GTtleHRuA2FlbQIxMABicmlkETE5dDExZkxZS1V1QXlHRFRqc3J0YwZhcHBfaWQQMjIyMDM5MTc4ODIwMDg5MgABHuNEJpkChNaW0vWIQ1VbSRCmrdcGXC4qzzE0CtZPkYIab5os3BSIwT_2MrFL_aem_B6gls9pMIYaDYe2MPg9L8g\">TUTAJ<\/a><\/strong><\/p>\n\n\n\n<p>Zabierzcie aparat na spacer i poka\u017ccie, jak wygl\u0105da Wasz las \u2013 przez obiektyw i przez serce.<\/p>\n\n\n\n<hr class=\"wp-block-separator aligncenter has-alpha-channel-opacity\"\/>\n\n\n<div class=\"wp-block-image\">\n<figure class=\"alignleft size-large is-resized\"><img loading=\"lazy\" decoding=\"async\" width=\"1024\" height=\"1024\" src=\"https:\/\/powiatwwl.pl\/wp-content\/uploads\/2026\/02\/ARKADIUSZ-WERELICH-1024x1024.jpg\" alt=\"\" class=\"wp-image-204\" style=\"width:111px;height:auto\" srcset=\"https:\/\/powiatwwl.pl\/wp-content\/uploads\/2026\/02\/ARKADIUSZ-WERELICH-1024x1024.jpg 1024w, https:\/\/powiatwwl.pl\/wp-content\/uploads\/2026\/02\/ARKADIUSZ-WERELICH-300x300.jpg 300w, https:\/\/powiatwwl.pl\/wp-content\/uploads\/2026\/02\/ARKADIUSZ-WERELICH-150x150.jpg 150w, https:\/\/powiatwwl.pl\/wp-content\/uploads\/2026\/02\/ARKADIUSZ-WERELICH-768x768.jpg 768w, https:\/\/powiatwwl.pl\/wp-content\/uploads\/2026\/02\/ARKADIUSZ-WERELICH-1536x1536.jpg 1536w, https:\/\/powiatwwl.pl\/wp-content\/uploads\/2026\/02\/ARKADIUSZ-WERELICH-80x80.jpg 80w, https:\/\/powiatwwl.pl\/wp-content\/uploads\/2026\/02\/ARKADIUSZ-WERELICH-320x320.jpg 320w, https:\/\/powiatwwl.pl\/wp-content\/uploads\/2026\/02\/ARKADIUSZ-WERELICH.jpg 2048w\" sizes=\"auto, (max-width: 1024px) 100vw, 1024px\" \/><\/figure>\n<\/div>\n\n\n<h2 class=\"wp-block-heading\"><strong><a href=\"https:\/\/www.facebook.com\/starostaWerelich\">Arkadiusz WERELICH<\/a><\/strong><\/h2>\n\n\n\n<p><\/p>\n","protected":false},"excerpt":{"rendered":"<p>Starosta Wo\u0142omi\u0144ski Arkadiusz WERELICH zapraszam do udzia\u0142u w konkursie fotograficznym \u201eRok w lesie\u201d Na najlepsze zdj\u0119cia czekaj\u0105 nagrody i publikacja w kalendarzu powiatu na 2027 rok. Na zg\u0142oszenia czekamy do 31 lipca 2026 r.<\/p>\n","protected":false},"author":1,"featured_media":920,"comment_status":"open","ping_status":"open","sticky":false,"template":"","format":"standard","meta":{"footnotes":""},"categories":[1],"tags":[],"class_list":["post-919","post","type-post","status-publish","format-standard","has-post-thumbnail","hentry","category-aktualnosci"],"_links":{"self":[{"href":"https:\/\/powiatwwl.pl\/index.php?rest_route=\/wp\/v2\/posts\/919","targetHints":{"allow":["GET"]}}],"collection":[{"href":"https:\/\/powiatwwl.pl\/index.php?rest_route=\/wp\/v2\/posts"}],"about":[{"href":"https:\/\/powiatwwl.pl\/index.php?rest_route=\/wp\/v2\/types\/post"}],"author":[{"embeddable":true,"href":"https:\/\/powiatwwl.pl\/index.php?rest_route=\/wp\/v2\/users\/1"}],"replies":[{"embeddable":true,"href":"https:\/\/powiatwwl.pl\/index.php?rest_route=%2Fwp%2Fv2%2Fcomments&post=919"}],"version-history":[{"count":3,"href":"https:\/\/powiatwwl.pl\/index.php?rest_route=\/wp\/v2\/posts\/919\/revisions"}],"predecessor-version":[{"id":1622,"href":"https:\/\/powiatwwl.pl\/index.php?rest_route=\/wp\/v2\/posts\/919\/revisions\/1622"}],"wp:featuredmedia":[{"embeddable":true,"href":"https:\/\/powiatwwl.pl\/index.php?rest_route=\/wp\/v2\/media\/920"}],"wp:attachment":[{"href":"https:\/\/powiatwwl.pl\/index.php?rest_route=%2Fwp%2Fv2%2Fmedia&parent=919"}],"wp:term":[{"taxonomy":"category","embeddable":true,"href":"https:\/\/powiatwwl.pl\/index.php?rest_route=%2Fwp%2Fv2%2Fcategories&post=919"},{"taxonomy":"post_tag","embeddable":true,"href":"https:\/\/powiatwwl.pl\/index.php?rest_route=%2Fwp%2Fv2%2Ftags&post=919"}],"curies":[{"name":"wp","href":"https:\/\/api.w.org\/{rel}","templated":true}]}}