{"id":928,"date":"2026-02-16T09:06:54","date_gmt":"2026-02-16T08:06:54","guid":{"rendered":"http:\/\/powiatwwl.pl\/?p=928"},"modified":"2026-03-01T20:56:14","modified_gmt":"2026-03-01T19:56:14","slug":"polmaraton-cud-nad-wisla-w-nowej-formule","status":"publish","type":"post","link":"https:\/\/powiatwwl.pl\/?p=928","title":{"rendered":"P\u00f3\u0142maraton \u201eCud nad Wis\u0142\u0105\u201d  w nowej formule"},"content":{"rendered":"<div class=\"wp-block-image\">\n<figure class=\"aligncenter size-full\"><img loading=\"lazy\" decoding=\"async\" width=\"590\" height=\"376\" src=\"https:\/\/powiatwwl.pl\/wp-content\/uploads\/2026\/02\/634250949_1458108766319378_5325374039892529657_n.jpg\" alt=\"\" class=\"wp-image-929\" srcset=\"https:\/\/powiatwwl.pl\/wp-content\/uploads\/2026\/02\/634250949_1458108766319378_5325374039892529657_n.jpg 590w, https:\/\/powiatwwl.pl\/wp-content\/uploads\/2026\/02\/634250949_1458108766319378_5325374039892529657_n-300x191.jpg 300w\" sizes=\"auto, (max-width: 590px) 100vw, 590px\" \/><\/figure>\n<\/div>\n\n\n<p>P\u00f3\u0142maraton \u201eCud nad Wis\u0142\u0105\u201d <img loading=\"lazy\" decoding=\"async\" height=\"16\" width=\"16\" src=\"https:\/\/static.xx.fbcdn.net\/images\/emoji.php\/v9\/ta9\/1\/16\/1f3c3_200d_2640.png\" alt=\"\ud83c\udfc3\u200d\u2640\ufe0f\"><img loading=\"lazy\" decoding=\"async\" height=\"16\" width=\"16\" src=\"https:\/\/static.xx.fbcdn.net\/images\/emoji.php\/v9\/t3b\/1\/16\/1f3c3.png\" alt=\"\ud83c\udfc3\"> wraca na map\u0119 powiatowych imprez biegowych tak jak przed laty. Po latach przerwy biegaczki i biegacze wystartuj\u0105 15 sierpnia w Ossowie, aby lini\u0119 mety przekroczy\u0107 maksymalnie po 3 godzinach w Radzyminie. Wszystko to w ramach tegorocznych obchod\u00f3w <a href=\"https:\/\/www.facebook.com\/hashtag\/bitwawarszawska1920?__eep__=6&amp;__cft__[0]=AZZnYVyzGeqj67FN5a8hXwCQvE28CC2mBG4Dj0afgDj4j_48vEgKtcYAD55mkFKCjlw_FzZHICsApdpio2qmHaAk7f0I7PsQRmp1gTF8eOvsiEHWsggsbv5l8iC201FH-zdHCS0wqsoBUt4MwNLrj4ejNbHE7imDK2b4J-OtYeHFO2SSQhhQ_v0lcKdJsWum96zDGatUW_Gd2F5sJJkRf9AbwvFslUu8ao5halTWnnv1YQ&amp;__tn__=*NK-y-R\">#BitwaWarszawska1920<\/a><img loading=\"lazy\" decoding=\"async\" height=\"16\" width=\"16\" src=\"https:\/\/static.xx.fbcdn.net\/images\/emoji.php\/v9\/te0\/1\/16\/1f1f5_1f1f1.png\" alt=\"\ud83c\uddf5\ud83c\uddf1\"><\/p>\n\n\n\n<p>W zesz\u0142ym tygodniu odby\u0142o si\u0119 pierwsze spotkanie w szerokim gronie rozmawiano o przebiegu trasy, kwestiach organizacyjnych i formalnych. W tym roku bieg odb\u0119dzie si\u0119 w nowej formule: w <strong>godzinach p\u00f3\u017anowieczornych<\/strong>. Organizatorzy pragn\u0105 unikn\u0105\u0107 pe\u0142nego s\u0142o\u0144ca, ale r\u00f3wnie\u017c zminimalizowa\u0107 utrudnienia w ruchu. <\/p>\n\n\n\n<hr class=\"wp-block-separator aligncenter has-alpha-channel-opacity\"\/>\n\n\n<div class=\"wp-block-image\">\n<figure class=\"alignleft size-large is-resized\"><img loading=\"lazy\" decoding=\"async\" width=\"1024\" height=\"1024\" src=\"https:\/\/powiatwwl.pl\/wp-content\/uploads\/2026\/02\/pw-1024x1024.jpg\" alt=\"\" class=\"wp-image-395\" style=\"width:107px;height:auto\" srcset=\"https:\/\/powiatwwl.pl\/wp-content\/uploads\/2026\/02\/pw-1024x1024.jpg 1024w, https:\/\/powiatwwl.pl\/wp-content\/uploads\/2026\/02\/pw-300x300.jpg 300w, https:\/\/powiatwwl.pl\/wp-content\/uploads\/2026\/02\/pw-150x150.jpg 150w, https:\/\/powiatwwl.pl\/wp-content\/uploads\/2026\/02\/pw-768x768.jpg 768w, https:\/\/powiatwwl.pl\/wp-content\/uploads\/2026\/02\/pw-80x80.jpg 80w, https:\/\/powiatwwl.pl\/wp-content\/uploads\/2026\/02\/pw-320x320.jpg 320w, https:\/\/powiatwwl.pl\/wp-content\/uploads\/2026\/02\/pw.jpg 1280w\" sizes=\"auto, (max-width: 1024px) 100vw, 1024px\" \/><\/figure>\n<\/div>\n\n\n<h2 class=\"wp-block-heading has-text-align-left\"><strong><a href=\"https:\/\/www.facebook.com\/Powiat.Wolominski\">POWIAT WO\u0141OMI\u0143SKI<\/a><\/strong><\/h2>\n\n\n\n<p><\/p>\n","protected":false},"excerpt":{"rendered":"<p>P\u00f3\u0142maraton \u201eCud nad Wis\u0142\u0105\u201d \ufffc wraca na map\u0119 powiatowych imprez biegowych tak jak przed laty. Po latach przerwy biegaczki i biegacze wystartuj\u0105 15 sierpnia w Ossowie, aby lini\u0119 mety przekroczy\u0107 maksymalnie po 3 godzinach w Radzyminie. Wszystko to w ramach tegorocznych obchod\u00f3w #BitwaWarszawska1920\ufffc<\/p>\n","protected":false},"author":1,"featured_media":929,"comment_status":"open","ping_status":"open","sticky":false,"template":"","format":"standard","meta":{"footnotes":""},"categories":[1],"tags":[],"class_list":["post-928","post","type-post","status-publish","format-standard","has-post-thumbnail","hentry","category-aktualnosci"],"_links":{"self":[{"href":"https:\/\/powiatwwl.pl\/index.php?rest_route=\/wp\/v2\/posts\/928","targetHints":{"allow":["GET"]}}],"collection":[{"href":"https:\/\/powiatwwl.pl\/index.php?rest_route=\/wp\/v2\/posts"}],"about":[{"href":"https:\/\/powiatwwl.pl\/index.php?rest_route=\/wp\/v2\/types\/post"}],"author":[{"embeddable":true,"href":"https:\/\/powiatwwl.pl\/index.php?rest_route=\/wp\/v2\/users\/1"}],"replies":[{"embeddable":true,"href":"https:\/\/powiatwwl.pl\/index.php?rest_route=%2Fwp%2Fv2%2Fcomments&post=928"}],"version-history":[{"count":2,"href":"https:\/\/powiatwwl.pl\/index.php?rest_route=\/wp\/v2\/posts\/928\/revisions"}],"predecessor-version":[{"id":1621,"href":"https:\/\/powiatwwl.pl\/index.php?rest_route=\/wp\/v2\/posts\/928\/revisions\/1621"}],"wp:featuredmedia":[{"embeddable":true,"href":"https:\/\/powiatwwl.pl\/index.php?rest_route=\/wp\/v2\/media\/929"}],"wp:attachment":[{"href":"https:\/\/powiatwwl.pl\/index.php?rest_route=%2Fwp%2Fv2%2Fmedia&parent=928"}],"wp:term":[{"taxonomy":"category","embeddable":true,"href":"https:\/\/powiatwwl.pl\/index.php?rest_route=%2Fwp%2Fv2%2Fcategories&post=928"},{"taxonomy":"post_tag","embeddable":true,"href":"https:\/\/powiatwwl.pl\/index.php?rest_route=%2Fwp%2Fv2%2Ftags&post=928"}],"curies":[{"name":"wp","href":"https:\/\/api.w.org\/{rel}","templated":true}]}}