{"id":931,"date":"2026-02-16T09:15:59","date_gmt":"2026-02-16T08:15:59","guid":{"rendered":"http:\/\/powiatwwl.pl\/?p=931"},"modified":"2026-03-01T20:54:14","modified_gmt":"2026-03-01T19:54:14","slug":"wspolpraca-szpital-z-uczelnia-lazarskiego","status":"publish","type":"post","link":"https:\/\/powiatwwl.pl\/?p=931","title":{"rendered":"Wsp\u00f3\u0142praca &#8211; Szpital z Uczelni\u0105 \u0141azarskiego"},"content":{"rendered":"<div class=\"wp-block-image\">\n<figure class=\"aligncenter size-large is-resized\"><img loading=\"lazy\" decoding=\"async\" width=\"1024\" height=\"678\" src=\"https:\/\/powiatwwl.pl\/wp-content\/uploads\/2026\/02\/634137843_1360217869455417_6595737981996052237_n-1024x678.jpg\" alt=\"\" class=\"wp-image-932\" style=\"width:680px;height:auto\" srcset=\"https:\/\/powiatwwl.pl\/wp-content\/uploads\/2026\/02\/634137843_1360217869455417_6595737981996052237_n-1024x678.jpg 1024w, https:\/\/powiatwwl.pl\/wp-content\/uploads\/2026\/02\/634137843_1360217869455417_6595737981996052237_n-300x199.jpg 300w, https:\/\/powiatwwl.pl\/wp-content\/uploads\/2026\/02\/634137843_1360217869455417_6595737981996052237_n-768x509.jpg 768w, https:\/\/powiatwwl.pl\/wp-content\/uploads\/2026\/02\/634137843_1360217869455417_6595737981996052237_n.jpg 1440w\" sizes=\"auto, (max-width: 1024px) 100vw, 1024px\" \/><\/figure>\n<\/div>\n\n\n<p>Szpital w Wo\u0142ominie i rozw\u00f3j przysz\u0142ych medyk\u00f3w! \u201eRozw\u00f3j akademicki, kolejne kliniki oraz wzrost wiedzy Zespo\u0142u s\u0105 i b\u0119d\u0105 kluczowymi filarami Szpitala w Wo\u0142ominie\u201d \u2013 tymi s\u0142owami Dyrektor Piotr Go\u0142aszewski rozpocz\u0105\u0142 poniedzia\u0142kowe strategiczne spotkanie z przedstawicielami <a href=\"https:\/\/www.facebook.com\/uczelnia.lazarskiego?__cft__[0]=AZYb9watQaAe7n-bIQ5u5Ky5Sva8oVPhC3_8aMi81zARi7PLEC87_6-9X86OD62BDJu4xO_jbh6XPppwbaYfD5M0V62t1HFn-jhRwBwfL2lqX7CcBnz8piQe0ogDY18U5p9tGhazHndRRgC7Ha0r1VAaO7cQQ1JxletZXCHp5ziiJOANaSw0jFcT8w5q2nSCcBo&amp;__tn__=-]K-R\">Uczelnia \u0141azarskiego<\/a>.<\/p>\n\n\n\n<p>W rozmowach o przysz\u0142o\u015bci naszej plac\u00f3wki uczestniczyli Dyrektor Piotr Go\u0142aszewski oraz Dyrektor ds. Lecznictwa Katarzyna Kami\u0144ska, a Uczelni\u0119 reprezentowa\u0142a delegacja Wydzia\u0142u Medycznego: dr n. med. Marta Sobczy\u0144ska &#8211; Dziekan Wydzia\u0142u Medycznego, prof. dr hab. n. med. Walewska-Zielecka Bo\u017cena &#8211; Prodziekan ds. rozwoju nauki i kszta\u0142cenia, dr n. med. Olga Tronina &#8211; Prodziekan ds. kszta\u0142cenia klinicznego oraz Pani Malwina Chudzik<\/p>\n\n\n\n<p>Szczeg\u00f3lnymi go\u015b\u0107mi spotkania byli dr n.med. Marcin Wyzga\u0142 oraz lek. Andrzej Falkowski, co ju\u017c teraz nadaje wyra\u017any kierunek dalszej wsp\u00f3\u0142pracy mi\u0119dzy naszym Szpitalem a Uczelni\u0105. Podczas spotkania om\u00f3wiono szereg element\u00f3w organizacji obecnej i przysz\u0142ej wsp\u00f3\u0142pracy, pomys\u0142y na akademickie wykorzystanie potencja\u0142u nowego SOR-u oraz perspektywy utworzenia kolejnych klinik, odpowiadaj\u0105c na znacz\u0105co rosn\u0105c\u0105 liczb\u0119 student\u00f3w zainteresowanych naszym Szpitalem.<\/p>\n\n\n\n<p>Obecnie w naszym Szpitalu z sukcesem funkcjonuj\u0105 ju\u017c trzy kliniki Uczelni \u0141azarskiego:<\/p>\n\n\n\n<p>Klinika Ginekologii i Po\u0142o\u017cnictwa<\/p>\n\n\n\n<p>Klinika Chirurgii Og\u00f3lnej<\/p>\n\n\n\n<p> Klinika Chirurgii Urazowo &#8211; Ortopedycznej<\/p>\n\n\n\n<p>Dzi\u0119kujemy Przedstawicielom Uczelni za inspiruj\u0105cy dialog i wsp\u00f3ln\u0105 wizj\u0119 rozwoju! <\/p>\n\n\n\n<hr class=\"wp-block-separator has-alpha-channel-opacity\"\/>\n\n\n<div class=\"wp-block-image\">\n<figure class=\"alignleft size-full is-resized\"><img loading=\"lazy\" decoding=\"async\" width=\"986\" height=\"986\" src=\"https:\/\/powiatwwl.pl\/wp-content\/uploads\/2026\/02\/471215420_1097417855172626_438410656441550007_n.jpg\" alt=\"\" class=\"wp-image-306\" style=\"width:112px;height:auto\" srcset=\"https:\/\/powiatwwl.pl\/wp-content\/uploads\/2026\/02\/471215420_1097417855172626_438410656441550007_n.jpg 986w, https:\/\/powiatwwl.pl\/wp-content\/uploads\/2026\/02\/471215420_1097417855172626_438410656441550007_n-300x300.jpg 300w, https:\/\/powiatwwl.pl\/wp-content\/uploads\/2026\/02\/471215420_1097417855172626_438410656441550007_n-150x150.jpg 150w, https:\/\/powiatwwl.pl\/wp-content\/uploads\/2026\/02\/471215420_1097417855172626_438410656441550007_n-768x768.jpg 768w, https:\/\/powiatwwl.pl\/wp-content\/uploads\/2026\/02\/471215420_1097417855172626_438410656441550007_n-80x80.jpg 80w, https:\/\/powiatwwl.pl\/wp-content\/uploads\/2026\/02\/471215420_1097417855172626_438410656441550007_n-320x320.jpg 320w\" sizes=\"auto, (max-width: 986px) 100vw, 986px\" \/><\/figure>\n<\/div>\n\n\n<h2 class=\"wp-block-heading\"><a href=\"https:\/\/szpitalwolomin.pl\/\"><strong>SZPITAL WO\u0141OMIN<\/strong><\/a><\/h2>\n\n\n\n<p><\/p>\n","protected":false},"excerpt":{"rendered":"<p>Szpital w Wo\u0142ominie i rozw\u00f3j przysz\u0142ych medyk\u00f3w! \u201eRozw\u00f3j akademicki, kolejne kliniki oraz wzrost wiedzy Zespo\u0142u s\u0105 i b\u0119d\u0105 kluczowymi filarami Szpitala w Wo\u0142ominie\u201d \u2013 tymi s\u0142owami Dyrektor Piotr Go\u0142aszewski rozpocz\u0105\u0142 poniedzia\u0142kowe strategiczne spotkanie z przedstawicielami Uczelnia \u0141azarskiego.<\/p>\n<p>W rozmowach o przysz\u0142o\u015bci naszej plac\u00f3wki uczestniczyli Dyrektor Piotr Go\u0142aszewski oraz Dyrektor ds. Lecznictwa Katarzyna Kami\u0144ska, a Uczelni\u0119 reprezentowa\u0142a delegacja Wydzia\u0142u Medycznego: dr n. med. Marta Sobczy\u0144ska &#8211; Dziekan Wydzia\u0142u Medycznego, prof. dr hab. n. med. Walewska-Zielecka Bo\u017cena &#8211; Prodziekan ds. rozwoju nauki i kszta\u0142cenia, dr n. med. Olga Tronina &#8211; Prodziekan ds. kszta\u0142cenia klinicznego oraz Pani Malwina Chudzik<\/p>\n","protected":false},"author":1,"featured_media":933,"comment_status":"open","ping_status":"open","sticky":false,"template":"","format":"standard","meta":{"footnotes":""},"categories":[1],"tags":[],"class_list":["post-931","post","type-post","status-publish","format-standard","has-post-thumbnail","hentry","category-aktualnosci"],"_links":{"self":[{"href":"https:\/\/powiatwwl.pl\/index.php?rest_route=\/wp\/v2\/posts\/931","targetHints":{"allow":["GET"]}}],"collection":[{"href":"https:\/\/powiatwwl.pl\/index.php?rest_route=\/wp\/v2\/posts"}],"about":[{"href":"https:\/\/powiatwwl.pl\/index.php?rest_route=\/wp\/v2\/types\/post"}],"author":[{"embeddable":true,"href":"https:\/\/powiatwwl.pl\/index.php?rest_route=\/wp\/v2\/users\/1"}],"replies":[{"embeddable":true,"href":"https:\/\/powiatwwl.pl\/index.php?rest_route=%2Fwp%2Fv2%2Fcomments&post=931"}],"version-history":[{"count":2,"href":"https:\/\/powiatwwl.pl\/index.php?rest_route=\/wp\/v2\/posts\/931\/revisions"}],"predecessor-version":[{"id":1619,"href":"https:\/\/powiatwwl.pl\/index.php?rest_route=\/wp\/v2\/posts\/931\/revisions\/1619"}],"wp:featuredmedia":[{"embeddable":true,"href":"https:\/\/powiatwwl.pl\/index.php?rest_route=\/wp\/v2\/media\/933"}],"wp:attachment":[{"href":"https:\/\/powiatwwl.pl\/index.php?rest_route=%2Fwp%2Fv2%2Fmedia&parent=931"}],"wp:term":[{"taxonomy":"category","embeddable":true,"href":"https:\/\/powiatwwl.pl\/index.php?rest_route=%2Fwp%2Fv2%2Fcategories&post=931"},{"taxonomy":"post_tag","embeddable":true,"href":"https:\/\/powiatwwl.pl\/index.php?rest_route=%2Fwp%2Fv2%2Ftags&post=931"}],"curies":[{"name":"wp","href":"https:\/\/api.w.org\/{rel}","templated":true}]}}